{"id":1594,"date":"2020-11-10T13:41:39","date_gmt":"2020-11-10T12:41:39","guid":{"rendered":"https:\/\/visuresmart.it\/news\/?p=1594"},"modified":"2020-11-13T14:57:39","modified_gmt":"2020-11-13T13:57:39","slug":"indennita-covid-onnicomprensiva-ultimi-giorni-per-richiederla","status":"publish","type":"post","link":"https:\/\/visuresmart.it\/news\/indennita-covid-onnicomprensiva-ultimi-giorni-per-richiederla\/","title":{"rendered":"Indennit\u00e0 Covid onnicomprensiva: ultimi giorni per richiederla"},"content":{"rendered":"\n<p>Ultimi giorni per presentare la domanda per l\u2019<strong>indennit\u00e0 Covid<\/strong> <strong>onnicomprensiva<\/strong>. Il <strong>13 novembre<\/strong> \u00e8 infatti il termine ultimo per presentare la richiesta al <a href=\"https:\/\/serviziweb2.inps.it\/PassiWeb\/jsp\/login.jsp?uri=https%3A%2F%2Fserviziweb2.inps.it%2FIndCovidWeb%2FanagraficaIndCovid.do%3Fmethod%3DpresenzaDomandePrecedenti_IndCovid%26idNav%3DAA_02%26S%3DS&amp;S=S\" target=\"_blank\" rel=\"noreferrer noopener\" aria-label=\"servizio (apre in una nuova scheda)\">servizio<\/a> Inps dedicato. La scadenza delle domande per l\u2019indennit\u00e0 Covid onnicomprensiva \u00e8 stata introdotta dal <strong>Decreto Ristori<\/strong>, entrato in vigore lo scorso 29 ottobre. Gi\u00e0 dal 14 novembre, dunque, non sar\u00e0 pi\u00f9 possibile inoltrare la propria richiesta.<\/p>\n\n\n\n<h2 class=\"wp-block-heading\"><strong>Indennit\u00e0 Covid: cos\u2019\u00e8<\/strong><\/h2>\n\n\n\n<p>L\u2019indennit\u00e0 Covid onnicomprensiva \u00e8 una indennit\u00e0 del valore di <strong>1000 euro<\/strong> a favore di particolari categorie di lavoratori. Si tratta di una delle indennit\u00e0 di sostegno erogate a favore dei lavoratori. Si tratta di lavoratori, anche autonomi, le cui attivit\u00e0 hanno risentito dell\u2019emergenza economica e sociale derivata da quella sanitaria. Queste indennit\u00e0 sono state introdotte, tra le altre misure, prima dal decreto <strong>Cura Italia<\/strong>, poi dal <strong>Decreto Rilancio<\/strong>. Il termine ultimo per la presentazione delle domande per l\u2019indennit\u00e0 onnicomprensiva \u00e8 stato poi stabilito dal recente Decreto Ristori lo scorso ottobre.<\/p>\n\n\n\n<h2 class=\"wp-block-heading\"><strong>A chi \u00e8 rivolta<\/strong><\/h2>\n\n\n\n<p>Possono ricevere l\u2019indennit\u00e0 Covid onnicomprensiva precise <strong>categorie <\/strong>di lavoratori:&nbsp;<\/p>\n\n\n\n<ul class=\"wp-block-list\"><li>Stagionali o lavoratori in somministrazione dei settori del turismo e degli stabilimenti termali.<\/li><li>Stagionali di settori diversi dal turismo e dagli stabilimenti tarmali;<\/li><li><strong>intermittenti<\/strong>.<\/li><li><strong>Autonomi occasionali<\/strong>.<\/li><li>Incaricati di <strong>vendita a domicilio<\/strong>.<\/li><li>Lavoratori dello spettacolo con almeno<strong> 7 contributi<\/strong> giornalieri nel 2019 e con un reddito derivante non superiore a 35.000 euro.<\/li><li>Lavoratori dello spettacolo con almeno<strong> 30 contributi <\/strong>giornalieri nel 2019 e con un reddito derivante non superiore a 50.000 euro.<\/li><li>Professionisti<strong> <\/strong>a tempo determinato dei settori del turismo e degli stabilimenti termali.<br><\/li><\/ul>\n\n\n\n<h2 class=\"wp-block-heading\"><strong>Come funziona<\/strong><\/h2>\n\n\n\n<p>Le indennit\u00e0 <strong>non sono cumulabili<\/strong> fra loro e non concorrono alla formazione del reddito. I lavoratori che rientrano in queste categorie e hanno gi\u00e0 beneficiato di altre indennit\u00e0 Covid non devono presentare la domanda per l\u2019indennit\u00e0 Covid onnicomprensiva. Anche dopo un riesame con esito positivo. Questa indennit\u00e0 verr\u00e0 infatti erogata direttamente dall\u2019Inps. Dovranno invece presentare una nuova domanda tutti gli altri lavoratori. Coloro i quali, cio\u00e8, non hanno ancora presentato nessuna domanda per altre indennit\u00e0 Covid o la cui domanda risulta respinta.<\/p>\n\n\n\n<h2 class=\"wp-block-heading\"><strong>La domanda<\/strong><\/h2>\n\n\n\n<p>Tutti i lavoratori in possesso dei requisiti, devono presentare la domanda <strong>per via telematica<\/strong> all\u2019Inps.  La procedura prevede l&#8217;uso dei canali messi a disposizione dall\u2019ente per i cittadini e per i patronati. Per tutte le <strong>indicazioni<\/strong> si pu\u00f2 consultare il <a href=\"https:\/\/www.inps.it\/docallegatiNP\/Mig\/AllegatiNews\/Tutorial_Domanda_Indennita_COVID19.pdf\" target=\"_blank\" rel=\"noreferrer noopener\" aria-label=\"tutorial (apre in una nuova scheda)\">tutorial<\/a>&nbsp;presente sul <a rel=\"noreferrer noopener\" aria-label=\"sito (apre in una nuova scheda)\" href=\"https:\/\/www.inps.it\/nuovoportaleinps\/default.aspx?itemdir=54343\" target=\"_blank\">sito<\/a> dell\u2019Inps. Si avranno a disposizione informazioni relative all\u2019accesso, alla corretta compilazione della domanda e alle funzioni che permettono di controllarne lo stato e l\u2019esito fino al pagamento.<\/p>\n","protected":false},"excerpt":{"rendered":"<p>Ultimi giorni per presentare la domanda per l\u2019indennit\u00e0 Covid onnicomprensiva. Il 13 novembre \u00e8 infatti il termine ultimo per presentare la richiesta al servizio Inps dedicato. La scadenza delle domande per l\u2019indennit\u00e0 Covid onnicomprensiva \u00e8 stata introdotta dal Decreto Ristori, entrato in vigore lo scorso 29 ottobre. Gi\u00e0 dal 14 novembre, dunque, non sar\u00e0 pi\u00f9 [&hellip;]<\/p>\n","protected":false},"author":3,"featured_media":1598,"comment_status":"open","ping_status":"open","sticky":false,"template":"","format":"standard","meta":{"footnotes":""},"categories":[89],"tags":[310,387,141,70],"class_list":["post-1594","post","type-post","status-publish","format-standard","has-post-thumbnail","hentry","category-covid-19-visure-smart","tag-autonomi","tag-congedo-covid","tag-emergenza-covid-19","tag-indennita"],"yoast_head":"<!-- This site is optimized with the Yoast SEO Premium plugin v22.6 (Yoast SEO v23.6) - https:\/\/yoast.com\/wordpress\/plugins\/seo\/ -->\r\n<title>Indennit\u00e0 Covid onnicomprensiva: ultimi giorni per richiederla<\/title>\r\n<meta name=\"description\" content=\"Indennit\u00e0 Covid onnicomprensiva per alcune categorie di lavoratori: \u00e8 in scadenza il termine di presentazione della domanda\" \/>\r\n<meta name=\"robots\" content=\"index, follow, max-snippet:-1, max-image-preview:large, max-video-preview:-1\" \/>\r\n<link rel=\"canonical\" href=\"https:\/\/visuresmart.it\/news\/indennita-covid-onnicomprensiva-ultimi-giorni-per-richiederla\/\" \/>\r\n<meta property=\"og:locale\" content=\"it_IT\" \/>\r\n<meta property=\"og:type\" content=\"article\" \/>\r\n<meta property=\"og:title\" content=\"Indennit\u00e0 Covid onnicomprensiva: ultimi giorni per richiederla\" \/>\r\n<meta property=\"og:description\" content=\"Indennit\u00e0 Covid onnicomprensiva per alcune categorie di lavoratori: \u00e8 in scadenza il termine di presentazione della domanda\" \/>\r\n<meta property=\"og:url\" content=\"https:\/\/visuresmart.it\/news\/indennita-covid-onnicomprensiva-ultimi-giorni-per-richiederla\/\" \/>\r\n<meta property=\"og:site_name\" content=\"VisureSmart News\" \/>\r\n<meta property=\"article:publisher\" content=\"https:\/\/www.facebook.com\/visuresmart.it\/\" \/>\r\n<meta property=\"article:published_time\" content=\"2020-11-10T12:41:39+00:00\" \/>\r\n<meta property=\"article:modified_time\" content=\"2020-11-13T13:57:39+00:00\" \/>\r\n<meta property=\"og:image\" content=\"https:\/\/visuresmart.it\/news\/wp-content\/uploads\/2020\/11\/Indennit\u00e0-Covid.jpg\" \/>\r\n\t<meta property=\"og:image:width\" content=\"5568\" \/>\r\n\t<meta property=\"og:image:height\" content=\"3712\" \/>\r\n\t<meta property=\"og:image:type\" content=\"image\/jpeg\" \/>\r\n<meta name=\"author\" content=\"Visuresmart\" \/>\r\n<meta name=\"twitter:card\" content=\"summary_large_image\" \/>\r\n<meta name=\"twitter:label1\" content=\"Scritto da\" \/>\n\t<meta name=\"twitter:data1\" content=\"Visuresmart\" \/>\n\t<meta name=\"twitter:label2\" content=\"Tempo di lettura stimato\" \/>\n\t<meta name=\"twitter:data2\" content=\"2 minuti\" \/>\r\n<script type=\"application\/ld+json\" class=\"yoast-schema-graph\">{\"@context\":\"https:\/\/schema.org\",\"@graph\":[{\"@type\":\"Article\",\"@id\":\"https:\/\/visuresmart.it\/news\/indennita-covid-onnicomprensiva-ultimi-giorni-per-richiederla\/#article\",\"isPartOf\":{\"@id\":\"https:\/\/visuresmart.it\/news\/indennita-covid-onnicomprensiva-ultimi-giorni-per-richiederla\/\"},\"author\":{\"name\":\"Visuresmart\",\"@id\":\"https:\/\/visuresmart.it\/news\/#\/schema\/person\/d0f7098c1019cb238b9fe689eb27f08d\"},\"headline\":\"Indennit\u00e0 Covid onnicomprensiva: ultimi giorni per richiederla\",\"datePublished\":\"2020-11-10T12:41:39+00:00\",\"dateModified\":\"2020-11-13T13:57:39+00:00\",\"mainEntityOfPage\":{\"@id\":\"https:\/\/visuresmart.it\/news\/indennita-covid-onnicomprensiva-ultimi-giorni-per-richiederla\/\"},\"wordCount\":414,\"commentCount\":0,\"publisher\":{\"@id\":\"https:\/\/visuresmart.it\/news\/#organization\"},\"image\":{\"@id\":\"https:\/\/visuresmart.it\/news\/indennita-covid-onnicomprensiva-ultimi-giorni-per-richiederla\/#primaryimage\"},\"thumbnailUrl\":\"https:\/\/visuresmart.it\/news\/wp-content\/uploads\/2020\/11\/Indennit\u00e0-Covid.jpg\",\"keywords\":[\"autonomi\",\"congedo Covid\",\"emergenza covid-19\",\"indennit\u00e0\"],\"articleSection\":[\"Covid-19\"],\"inLanguage\":\"it-IT\",\"potentialAction\":[{\"@type\":\"CommentAction\",\"name\":\"Comment\",\"target\":[\"https:\/\/visuresmart.it\/news\/indennita-covid-onnicomprensiva-ultimi-giorni-per-richiederla\/#respond\"]}]},{\"@type\":\"WebPage\",\"@id\":\"https:\/\/visuresmart.it\/news\/indennita-covid-onnicomprensiva-ultimi-giorni-per-richiederla\/\",\"url\":\"https:\/\/visuresmart.it\/news\/indennita-covid-onnicomprensiva-ultimi-giorni-per-richiederla\/\",\"name\":\"Indennit\u00e0 Covid onnicomprensiva: ultimi giorni per richiederla\",\"isPartOf\":{\"@id\":\"https:\/\/visuresmart.it\/news\/#website\"},\"primaryImageOfPage\":{\"@id\":\"https:\/\/visuresmart.it\/news\/indennita-covid-onnicomprensiva-ultimi-giorni-per-richiederla\/#primaryimage\"},\"image\":{\"@id\":\"https:\/\/visuresmart.it\/news\/indennita-covid-onnicomprensiva-ultimi-giorni-per-richiederla\/#primaryimage\"},\"thumbnailUrl\":\"https:\/\/visuresmart.it\/news\/wp-content\/uploads\/2020\/11\/Indennit\u00e0-Covid.jpg\",\"datePublished\":\"2020-11-10T12:41:39+00:00\",\"dateModified\":\"2020-11-13T13:57:39+00:00\",\"description\":\"Indennit\u00e0 Covid onnicomprensiva per alcune categorie di lavoratori: \u00e8 in scadenza il termine di presentazione della domanda\",\"breadcrumb\":{\"@id\":\"https:\/\/visuresmart.it\/news\/indennita-covid-onnicomprensiva-ultimi-giorni-per-richiederla\/#breadcrumb\"},\"inLanguage\":\"it-IT\",\"potentialAction\":[{\"@type\":\"ReadAction\",\"target\":[\"https:\/\/visuresmart.it\/news\/indennita-covid-onnicomprensiva-ultimi-giorni-per-richiederla\/\"]}]},{\"@type\":\"ImageObject\",\"inLanguage\":\"it-IT\",\"@id\":\"https:\/\/visuresmart.it\/news\/indennita-covid-onnicomprensiva-ultimi-giorni-per-richiederla\/#primaryimage\",\"url\":\"https:\/\/visuresmart.it\/news\/wp-content\/uploads\/2020\/11\/Indennit\u00e0-Covid.jpg\",\"contentUrl\":\"https:\/\/visuresmart.it\/news\/wp-content\/uploads\/2020\/11\/Indennit\u00e0-Covid.jpg\",\"width\":5568,\"height\":3712,\"caption\":\"Indennit\u00e0 Covid onnicomprensiva\"},{\"@type\":\"BreadcrumbList\",\"@id\":\"https:\/\/visuresmart.it\/news\/indennita-covid-onnicomprensiva-ultimi-giorni-per-richiederla\/#breadcrumb\",\"itemListElement\":[{\"@type\":\"ListItem\",\"position\":1,\"name\":\"Home\",\"item\":\"https:\/\/visuresmart.it\/news\/\"},{\"@type\":\"ListItem\",\"position\":2,\"name\":\"Indennit\u00e0 Covid onnicomprensiva: ultimi giorni per richiederla\"}]},{\"@type\":\"WebSite\",\"@id\":\"https:\/\/visuresmart.it\/news\/#website\",\"url\":\"https:\/\/visuresmart.it\/news\/\",\"name\":\"VisureSmart News\",\"description\":\"Il blog che nasce con l&#039;intento di aiutarvi a trovare informazioni su casa, famiglia, auto, lavoro e imprese in modo rapido e semplificato!\",\"publisher\":{\"@id\":\"https:\/\/visuresmart.it\/news\/#organization\"},\"alternateName\":\"Visuresmart\",\"potentialAction\":[{\"@type\":\"SearchAction\",\"target\":{\"@type\":\"EntryPoint\",\"urlTemplate\":\"https:\/\/visuresmart.it\/news\/?s={search_term_string}\"},\"query-input\":{\"@type\":\"PropertyValueSpecification\",\"valueRequired\":true,\"valueName\":\"search_term_string\"}}],\"inLanguage\":\"it-IT\"},{\"@type\":\"Organization\",\"@id\":\"https:\/\/visuresmart.it\/news\/#organization\",\"name\":\"News VisureSmart.it\",\"url\":\"https:\/\/visuresmart.it\/news\/\",\"logo\":{\"@type\":\"ImageObject\",\"inLanguage\":\"it-IT\",\"@id\":\"https:\/\/visuresmart.it\/news\/#\/schema\/logo\/image\/\",\"url\":\"https:\/\/visuresmart.it\/news\/wp-content\/uploads\/2020\/03\/Risorsa-2.png\",\"contentUrl\":\"https:\/\/visuresmart.it\/news\/wp-content\/uploads\/2020\/03\/Risorsa-2.png\",\"width\":513,\"height\":513,\"caption\":\"News VisureSmart.it\"},\"image\":{\"@id\":\"https:\/\/visuresmart.it\/news\/#\/schema\/logo\/image\/\"},\"sameAs\":[\"https:\/\/www.facebook.com\/visuresmart.it\/\",\"https:\/\/www.instagram.com\/visuresmart.it\/\"],\"description\":\"Visuresmart.it \u00e8 un portale unico specializzato nella richiesta di documenti burocratici, tanto per i professionisti quanto per i cittadini. I nostri servizi permettono di ottenere un contatto diretto con la Pubblica Amministrazione, l\u2019Anagrafe, la Camera di Commercio e il Tribunale. Il nostro team \u00e8 composto da professionisti del settore, esperti nell\u2019espletare pratiche e capaci di consigliare e indirizzare i nostri clienti verso le soluzioni migliori.\",\"email\":\"info@visuresmart.it\"},{\"@type\":\"Person\",\"@id\":\"https:\/\/visuresmart.it\/news\/#\/schema\/person\/d0f7098c1019cb238b9fe689eb27f08d\",\"name\":\"Visuresmart\",\"image\":{\"@type\":\"ImageObject\",\"inLanguage\":\"it-IT\",\"@id\":\"https:\/\/visuresmart.it\/news\/#\/schema\/person\/image\/\",\"url\":\"https:\/\/secure.gravatar.com\/avatar\/4bee21bb1ff545097d278f99201269f5?s=96&d=mm&r=g\",\"contentUrl\":\"https:\/\/secure.gravatar.com\/avatar\/4bee21bb1ff545097d278f99201269f5?s=96&d=mm&r=g\",\"caption\":\"Visuresmart\"}}]}<\/script>\r\n<!-- \/ Yoast SEO Premium plugin. -->","yoast_head_json":{"title":"Indennit\u00e0 Covid onnicomprensiva: ultimi giorni per richiederla","description":"Indennit\u00e0 Covid onnicomprensiva per alcune categorie di lavoratori: \u00e8 in scadenza il termine di presentazione della domanda","robots":{"index":"index","follow":"follow","max-snippet":"max-snippet:-1","max-image-preview":"max-image-preview:large","max-video-preview":"max-video-preview:-1"},"canonical":"https:\/\/visuresmart.it\/news\/indennita-covid-onnicomprensiva-ultimi-giorni-per-richiederla\/","og_locale":"it_IT","og_type":"article","og_title":"Indennit\u00e0 Covid onnicomprensiva: ultimi giorni per richiederla","og_description":"Indennit\u00e0 Covid onnicomprensiva per alcune categorie di lavoratori: \u00e8 in scadenza il termine di presentazione della domanda","og_url":"https:\/\/visuresmart.it\/news\/indennita-covid-onnicomprensiva-ultimi-giorni-per-richiederla\/","og_site_name":"VisureSmart News","article_publisher":"https:\/\/www.facebook.com\/visuresmart.it\/","article_published_time":"2020-11-10T12:41:39+00:00","article_modified_time":"2020-11-13T13:57:39+00:00","og_image":[{"width":5568,"height":3712,"url":"https:\/\/visuresmart.it\/news\/wp-content\/uploads\/2020\/11\/Indennit\u00e0-Covid.jpg","type":"image\/jpeg"}],"author":"Visuresmart","twitter_card":"summary_large_image","twitter_misc":{"Scritto da":"Visuresmart","Tempo di lettura stimato":"2 minuti"},"schema":{"@context":"https:\/\/schema.org","@graph":[{"@type":"Article","@id":"https:\/\/visuresmart.it\/news\/indennita-covid-onnicomprensiva-ultimi-giorni-per-richiederla\/#article","isPartOf":{"@id":"https:\/\/visuresmart.it\/news\/indennita-covid-onnicomprensiva-ultimi-giorni-per-richiederla\/"},"author":{"name":"Visuresmart","@id":"https:\/\/visuresmart.it\/news\/#\/schema\/person\/d0f7098c1019cb238b9fe689eb27f08d"},"headline":"Indennit\u00e0 Covid onnicomprensiva: ultimi giorni per richiederla","datePublished":"2020-11-10T12:41:39+00:00","dateModified":"2020-11-13T13:57:39+00:00","mainEntityOfPage":{"@id":"https:\/\/visuresmart.it\/news\/indennita-covid-onnicomprensiva-ultimi-giorni-per-richiederla\/"},"wordCount":414,"commentCount":0,"publisher":{"@id":"https:\/\/visuresmart.it\/news\/#organization"},"image":{"@id":"https:\/\/visuresmart.it\/news\/indennita-covid-onnicomprensiva-ultimi-giorni-per-richiederla\/#primaryimage"},"thumbnailUrl":"https:\/\/visuresmart.it\/news\/wp-content\/uploads\/2020\/11\/Indennit\u00e0-Covid.jpg","keywords":["autonomi","congedo Covid","emergenza covid-19","indennit\u00e0"],"articleSection":["Covid-19"],"inLanguage":"it-IT","potentialAction":[{"@type":"CommentAction","name":"Comment","target":["https:\/\/visuresmart.it\/news\/indennita-covid-onnicomprensiva-ultimi-giorni-per-richiederla\/#respond"]}]},{"@type":"WebPage","@id":"https:\/\/visuresmart.it\/news\/indennita-covid-onnicomprensiva-ultimi-giorni-per-richiederla\/","url":"https:\/\/visuresmart.it\/news\/indennita-covid-onnicomprensiva-ultimi-giorni-per-richiederla\/","name":"Indennit\u00e0 Covid onnicomprensiva: ultimi giorni per richiederla","isPartOf":{"@id":"https:\/\/visuresmart.it\/news\/#website"},"primaryImageOfPage":{"@id":"https:\/\/visuresmart.it\/news\/indennita-covid-onnicomprensiva-ultimi-giorni-per-richiederla\/#primaryimage"},"image":{"@id":"https:\/\/visuresmart.it\/news\/indennita-covid-onnicomprensiva-ultimi-giorni-per-richiederla\/#primaryimage"},"thumbnailUrl":"https:\/\/visuresmart.it\/news\/wp-content\/uploads\/2020\/11\/Indennit\u00e0-Covid.jpg","datePublished":"2020-11-10T12:41:39+00:00","dateModified":"2020-11-13T13:57:39+00:00","description":"Indennit\u00e0 Covid onnicomprensiva per alcune categorie di lavoratori: \u00e8 in scadenza il termine di presentazione della domanda","breadcrumb":{"@id":"https:\/\/visuresmart.it\/news\/indennita-covid-onnicomprensiva-ultimi-giorni-per-richiederla\/#breadcrumb"},"inLanguage":"it-IT","potentialAction":[{"@type":"ReadAction","target":["https:\/\/visuresmart.it\/news\/indennita-covid-onnicomprensiva-ultimi-giorni-per-richiederla\/"]}]},{"@type":"ImageObject","inLanguage":"it-IT","@id":"https:\/\/visuresmart.it\/news\/indennita-covid-onnicomprensiva-ultimi-giorni-per-richiederla\/#primaryimage","url":"https:\/\/visuresmart.it\/news\/wp-content\/uploads\/2020\/11\/Indennit\u00e0-Covid.jpg","contentUrl":"https:\/\/visuresmart.it\/news\/wp-content\/uploads\/2020\/11\/Indennit\u00e0-Covid.jpg","width":5568,"height":3712,"caption":"Indennit\u00e0 Covid onnicomprensiva"},{"@type":"BreadcrumbList","@id":"https:\/\/visuresmart.it\/news\/indennita-covid-onnicomprensiva-ultimi-giorni-per-richiederla\/#breadcrumb","itemListElement":[{"@type":"ListItem","position":1,"name":"Home","item":"https:\/\/visuresmart.it\/news\/"},{"@type":"ListItem","position":2,"name":"Indennit\u00e0 Covid onnicomprensiva: ultimi giorni per richiederla"}]},{"@type":"WebSite","@id":"https:\/\/visuresmart.it\/news\/#website","url":"https:\/\/visuresmart.it\/news\/","name":"VisureSmart News","description":"Il blog che nasce con l&#039;intento di aiutarvi a trovare informazioni su casa, famiglia, auto, lavoro e imprese in modo rapido e semplificato!","publisher":{"@id":"https:\/\/visuresmart.it\/news\/#organization"},"alternateName":"Visuresmart","potentialAction":[{"@type":"SearchAction","target":{"@type":"EntryPoint","urlTemplate":"https:\/\/visuresmart.it\/news\/?s={search_term_string}"},"query-input":{"@type":"PropertyValueSpecification","valueRequired":true,"valueName":"search_term_string"}}],"inLanguage":"it-IT"},{"@type":"Organization","@id":"https:\/\/visuresmart.it\/news\/#organization","name":"News VisureSmart.it","url":"https:\/\/visuresmart.it\/news\/","logo":{"@type":"ImageObject","inLanguage":"it-IT","@id":"https:\/\/visuresmart.it\/news\/#\/schema\/logo\/image\/","url":"https:\/\/visuresmart.it\/news\/wp-content\/uploads\/2020\/03\/Risorsa-2.png","contentUrl":"https:\/\/visuresmart.it\/news\/wp-content\/uploads\/2020\/03\/Risorsa-2.png","width":513,"height":513,"caption":"News VisureSmart.it"},"image":{"@id":"https:\/\/visuresmart.it\/news\/#\/schema\/logo\/image\/"},"sameAs":["https:\/\/www.facebook.com\/visuresmart.it\/","https:\/\/www.instagram.com\/visuresmart.it\/"],"description":"Visuresmart.it \u00e8 un portale unico specializzato nella richiesta di documenti burocratici, tanto per i professionisti quanto per i cittadini. I nostri servizi permettono di ottenere un contatto diretto con la Pubblica Amministrazione, l\u2019Anagrafe, la Camera di Commercio e il Tribunale. Il nostro team \u00e8 composto da professionisti del settore, esperti nell\u2019espletare pratiche e capaci di consigliare e indirizzare i nostri clienti verso le soluzioni migliori.","email":"info@visuresmart.it"},{"@type":"Person","@id":"https:\/\/visuresmart.it\/news\/#\/schema\/person\/d0f7098c1019cb238b9fe689eb27f08d","name":"Visuresmart","image":{"@type":"ImageObject","inLanguage":"it-IT","@id":"https:\/\/visuresmart.it\/news\/#\/schema\/person\/image\/","url":"https:\/\/secure.gravatar.com\/avatar\/4bee21bb1ff545097d278f99201269f5?s=96&d=mm&r=g","contentUrl":"https:\/\/secure.gravatar.com\/avatar\/4bee21bb1ff545097d278f99201269f5?s=96&d=mm&r=g","caption":"Visuresmart"}}]}},"_links":{"self":[{"href":"https:\/\/visuresmart.it\/news\/wp-json\/wp\/v2\/posts\/1594"}],"collection":[{"href":"https:\/\/visuresmart.it\/news\/wp-json\/wp\/v2\/posts"}],"about":[{"href":"https:\/\/visuresmart.it\/news\/wp-json\/wp\/v2\/types\/post"}],"author":[{"embeddable":true,"href":"https:\/\/visuresmart.it\/news\/wp-json\/wp\/v2\/users\/3"}],"replies":[{"embeddable":true,"href":"https:\/\/visuresmart.it\/news\/wp-json\/wp\/v2\/comments?post=1594"}],"version-history":[{"count":0,"href":"https:\/\/visuresmart.it\/news\/wp-json\/wp\/v2\/posts\/1594\/revisions"}],"wp:featuredmedia":[{"embeddable":true,"href":"https:\/\/visuresmart.it\/news\/wp-json\/wp\/v2\/media\/1598"}],"wp:attachment":[{"href":"https:\/\/visuresmart.it\/news\/wp-json\/wp\/v2\/media?parent=1594"}],"wp:term":[{"taxonomy":"category","embeddable":true,"href":"https:\/\/visuresmart.it\/news\/wp-json\/wp\/v2\/categories?post=1594"},{"taxonomy":"post_tag","embeddable":true,"href":"https:\/\/visuresmart.it\/news\/wp-json\/wp\/v2\/tags?post=1594"}],"curies":[{"name":"wp","href":"https:\/\/api.w.org\/{rel}","templated":true}]}}