{"id":1744,"date":"2020-12-18T16:36:11","date_gmt":"2020-12-18T15:36:11","guid":{"rendered":"https:\/\/visuresmart.it\/news\/?p=1744"},"modified":"2020-12-18T16:36:18","modified_gmt":"2020-12-18T15:36:18","slug":"cassa-integrazione-e-lavoro-autonomo-arriva-iscro","status":"publish","type":"post","link":"https:\/\/visuresmart.it\/news\/cassa-integrazione-e-lavoro-autonomo-arriva-iscro\/","title":{"rendered":"Cassa integrazione e lavoro autonomo: arriva Iscro"},"content":{"rendered":"\n<h2 class=\"wp-block-heading\"><strong>Cassa integrazione e lavoro autonomo<\/strong><\/h2>\n\n\n\n<p>Dopo quest\u2019anno particolare, in cui i liberi professionisti sono stati i pi\u00f9 colpiti dalla crisi (si guardi, per esempio, all\u2019<a href=\"https:\/\/visuresmart.it\/news\/indennita-covid-onnicomprensiva-ultimi-giorni-per-richiederla\/\">indennit\u00e0 Covid<\/a> con cui il Governo \u00e8 sceso in campo per fronteggiare l\u2019emergenza), ora anche gli autonomi avranno diritto alla cassa integrazione. Nella Legge di Bilancio 2021 c\u2019\u00e8 l\u2019<a href=\"https:\/\/www.ilsole24ore.com\/art\/il-governo-apre-un-ammortizzatore-sociale-gli-autonomi-gestione-separata-inps-ADanaG8\" target=\"_blank\" rel=\"noreferrer noopener\" aria-label=\"accordo (apre in una nuova scheda)\">accordo<\/a>: l\u2019ammortizzatore sociale per le Partite IVA si chiamer\u00e0 <strong>Iscro<\/strong>, Indennit\u00e0 straordinaria di continuit\u00e0 reddituale operativa. La misura di sostegno alla categoria di lavoratori autonomi \u00e8 infatti inserita nella manovra in via di approvazione alla Camera e verr\u00e0 introdotta il <strong>prossimo anno<\/strong> in via sperimentale. Cassa integrazione e lavoro autonomo: quali saranno gli importi e i requisiti?<\/p>\n\n\n\n<h2 class=\"wp-block-heading\"><strong>Importi e requisiti<\/strong><\/h2>\n\n\n\n<p>L\u2019importo dell\u2019Iscro \u00e8 ancora sul tavolo del ministero dell\u2019Economia, che ne sta ipotizzando le cifre. Secondo le prime indiscrezioni, il sussidio potrebbe oscillare tra i <strong>250<\/strong> e gli <strong>800 euro<\/strong> mensili. Pu\u00f2 per\u00f2 essere richiesto una sola volta nel triennio e non pu\u00f2 essere cumulabile con il Reddito di cittadinanza. La manovra prevede anche l\u2019<strong>esonero parziale<\/strong> per un anno dal versamento dei contributi.<\/p>\n\n\n\n<p>Sono quattro i requisiti che li lavoratori autonomi devono rispettare per poter aver accesso alla cassa integrazione. Sono:<\/p>\n\n\n\n<ul class=\"wp-block-list\"><li> Avere una Partita IVA da almeno <strong>4 anni<\/strong>.<\/li><li> Aver dichiarato un reddito inferiore a 8.145 euro.<\/li><li> Essere in regola con il versamento dei contributi.<\/li><li> Aver prodotto, nel corso dell\u2019anno precedente a quello in cui si fa richiesta, un reddito inferiore del <strong>50%<\/strong> della media dei redditi prodotti nel corso dei tre anni prima.<\/li><\/ul>\n\n\n\n<p>In ogni caso, la cassa integrazione \u00e8 riservata ai liberi professionisti e agli autonomi il cui fatturato \u00e8 diminuito del 33% rispetto all\u2019anno precedente e i cui compensi e ricavi non sono superiori a 50mila euro lordi. &nbsp;<\/p>\n","protected":false},"excerpt":{"rendered":"<p>Cassa integrazione e lavoro autonomo Dopo quest\u2019anno particolare, in cui i liberi professionisti sono stati i pi\u00f9 colpiti dalla crisi (si guardi, per esempio, all\u2019indennit\u00e0 Covid con cui il Governo \u00e8 sceso in campo per fronteggiare l\u2019emergenza), ora anche gli autonomi avranno diritto alla cassa integrazione. Nella Legge di Bilancio 2021 c\u2019\u00e8 l\u2019accordo: l\u2019ammortizzatore sociale [&hellip;]<\/p>\n","protected":false},"author":3,"featured_media":1747,"comment_status":"open","ping_status":"open","sticky":false,"template":"","format":"standard","meta":{"footnotes":""},"categories":[28],"tags":[345,465,145,65],"class_list":["post-1744","post","type-post","status-publish","format-standard","has-post-thumbnail","hentry","category-lavoro-e-pensioni","tag-cassa-integrazione","tag-iscro","tag-lavoratori-autonomi","tag-partita-iva"],"yoast_head":"<!-- This site is optimized with the Yoast SEO Premium plugin v22.6 (Yoast SEO v23.6) - https:\/\/yoast.com\/wordpress\/plugins\/seo\/ -->\r\n<title>Cassa integrazione e lavoro autonomo: arriva Iscro<\/title>\r\n<meta name=\"description\" content=\"Cassa integrazione e lavoro autonomo: si chiamer\u00e0 Iscro e preveder\u00e0 un sussidio per i liberi professionisti e i lavoratori autonomi\" \/>\r\n<meta name=\"robots\" content=\"index, follow, max-snippet:-1, max-image-preview:large, max-video-preview:-1\" \/>\r\n<link rel=\"canonical\" href=\"https:\/\/visuresmart.it\/news\/cassa-integrazione-e-lavoro-autonomo-arriva-iscro\/\" \/>\r\n<meta property=\"og:locale\" content=\"it_IT\" \/>\r\n<meta property=\"og:type\" content=\"article\" \/>\r\n<meta property=\"og:title\" content=\"Cassa integrazione e lavoro autonomo: arriva Iscro\" \/>\r\n<meta property=\"og:description\" content=\"Cassa integrazione e lavoro autonomo: si chiamer\u00e0 Iscro e preveder\u00e0 un sussidio per i liberi professionisti e i lavoratori autonomi\" \/>\r\n<meta property=\"og:url\" content=\"https:\/\/visuresmart.it\/news\/cassa-integrazione-e-lavoro-autonomo-arriva-iscro\/\" \/>\r\n<meta property=\"og:site_name\" content=\"VisureSmart News\" \/>\r\n<meta property=\"article:publisher\" content=\"https:\/\/www.facebook.com\/visuresmart.it\/\" \/>\r\n<meta property=\"article:published_time\" content=\"2020-12-18T15:36:11+00:00\" \/>\r\n<meta property=\"article:modified_time\" content=\"2020-12-18T15:36:18+00:00\" \/>\r\n<meta property=\"og:image\" content=\"https:\/\/visuresmart.it\/news\/wp-content\/uploads\/2020\/12\/Cassa-integrazione-e-lavoro-autonomo.jpg\" \/>\r\n\t<meta property=\"og:image:width\" content=\"6000\" \/>\r\n\t<meta property=\"og:image:height\" content=\"4000\" \/>\r\n\t<meta property=\"og:image:type\" content=\"image\/jpeg\" \/>\r\n<meta name=\"author\" content=\"Visuresmart\" \/>\r\n<meta name=\"twitter:card\" content=\"summary_large_image\" \/>\r\n<meta name=\"twitter:label1\" content=\"Scritto da\" \/>\n\t<meta name=\"twitter:data1\" content=\"Visuresmart\" \/>\n\t<meta name=\"twitter:label2\" content=\"Tempo di lettura stimato\" \/>\n\t<meta name=\"twitter:data2\" content=\"1 minuto\" \/>\r\n<script type=\"application\/ld+json\" class=\"yoast-schema-graph\">{\"@context\":\"https:\/\/schema.org\",\"@graph\":[{\"@type\":\"Article\",\"@id\":\"https:\/\/visuresmart.it\/news\/cassa-integrazione-e-lavoro-autonomo-arriva-iscro\/#article\",\"isPartOf\":{\"@id\":\"https:\/\/visuresmart.it\/news\/cassa-integrazione-e-lavoro-autonomo-arriva-iscro\/\"},\"author\":{\"name\":\"Visuresmart\",\"@id\":\"https:\/\/visuresmart.it\/news\/#\/schema\/person\/d0f7098c1019cb238b9fe689eb27f08d\"},\"headline\":\"Cassa integrazione e lavoro autonomo: arriva Iscro\",\"datePublished\":\"2020-12-18T15:36:11+00:00\",\"dateModified\":\"2020-12-18T15:36:18+00:00\",\"mainEntityOfPage\":{\"@id\":\"https:\/\/visuresmart.it\/news\/cassa-integrazione-e-lavoro-autonomo-arriva-iscro\/\"},\"wordCount\":290,\"commentCount\":0,\"publisher\":{\"@id\":\"https:\/\/visuresmart.it\/news\/#organization\"},\"image\":{\"@id\":\"https:\/\/visuresmart.it\/news\/cassa-integrazione-e-lavoro-autonomo-arriva-iscro\/#primaryimage\"},\"thumbnailUrl\":\"https:\/\/visuresmart.it\/news\/wp-content\/uploads\/2020\/12\/Cassa-integrazione-e-lavoro-autonomo.jpg\",\"keywords\":[\"cassa integrazione\",\"iscro\",\"lavoratori autonomi\",\"partita iva\"],\"articleSection\":[\"Lavoro e Pensioni\"],\"inLanguage\":\"it-IT\",\"potentialAction\":[{\"@type\":\"CommentAction\",\"name\":\"Comment\",\"target\":[\"https:\/\/visuresmart.it\/news\/cassa-integrazione-e-lavoro-autonomo-arriva-iscro\/#respond\"]}]},{\"@type\":\"WebPage\",\"@id\":\"https:\/\/visuresmart.it\/news\/cassa-integrazione-e-lavoro-autonomo-arriva-iscro\/\",\"url\":\"https:\/\/visuresmart.it\/news\/cassa-integrazione-e-lavoro-autonomo-arriva-iscro\/\",\"name\":\"Cassa integrazione e lavoro autonomo: arriva Iscro\",\"isPartOf\":{\"@id\":\"https:\/\/visuresmart.it\/news\/#website\"},\"primaryImageOfPage\":{\"@id\":\"https:\/\/visuresmart.it\/news\/cassa-integrazione-e-lavoro-autonomo-arriva-iscro\/#primaryimage\"},\"image\":{\"@id\":\"https:\/\/visuresmart.it\/news\/cassa-integrazione-e-lavoro-autonomo-arriva-iscro\/#primaryimage\"},\"thumbnailUrl\":\"https:\/\/visuresmart.it\/news\/wp-content\/uploads\/2020\/12\/Cassa-integrazione-e-lavoro-autonomo.jpg\",\"datePublished\":\"2020-12-18T15:36:11+00:00\",\"dateModified\":\"2020-12-18T15:36:18+00:00\",\"description\":\"Cassa integrazione e lavoro autonomo: si chiamer\u00e0 Iscro e preveder\u00e0 un sussidio per i liberi professionisti e i lavoratori autonomi\",\"breadcrumb\":{\"@id\":\"https:\/\/visuresmart.it\/news\/cassa-integrazione-e-lavoro-autonomo-arriva-iscro\/#breadcrumb\"},\"inLanguage\":\"it-IT\",\"potentialAction\":[{\"@type\":\"ReadAction\",\"target\":[\"https:\/\/visuresmart.it\/news\/cassa-integrazione-e-lavoro-autonomo-arriva-iscro\/\"]}]},{\"@type\":\"ImageObject\",\"inLanguage\":\"it-IT\",\"@id\":\"https:\/\/visuresmart.it\/news\/cassa-integrazione-e-lavoro-autonomo-arriva-iscro\/#primaryimage\",\"url\":\"https:\/\/visuresmart.it\/news\/wp-content\/uploads\/2020\/12\/Cassa-integrazione-e-lavoro-autonomo.jpg\",\"contentUrl\":\"https:\/\/visuresmart.it\/news\/wp-content\/uploads\/2020\/12\/Cassa-integrazione-e-lavoro-autonomo.jpg\",\"width\":6000,\"height\":4000,\"caption\":\"Cassa integrazione e lavoro autonomo\"},{\"@type\":\"BreadcrumbList\",\"@id\":\"https:\/\/visuresmart.it\/news\/cassa-integrazione-e-lavoro-autonomo-arriva-iscro\/#breadcrumb\",\"itemListElement\":[{\"@type\":\"ListItem\",\"position\":1,\"name\":\"Home\",\"item\":\"https:\/\/visuresmart.it\/news\/\"},{\"@type\":\"ListItem\",\"position\":2,\"name\":\"Cassa integrazione e lavoro autonomo: arriva Iscro\"}]},{\"@type\":\"WebSite\",\"@id\":\"https:\/\/visuresmart.it\/news\/#website\",\"url\":\"https:\/\/visuresmart.it\/news\/\",\"name\":\"VisureSmart News\",\"description\":\"Il blog che nasce con l&#039;intento di aiutarvi a trovare informazioni su casa, famiglia, auto, lavoro e imprese in modo rapido e semplificato!\",\"publisher\":{\"@id\":\"https:\/\/visuresmart.it\/news\/#organization\"},\"alternateName\":\"Visuresmart\",\"potentialAction\":[{\"@type\":\"SearchAction\",\"target\":{\"@type\":\"EntryPoint\",\"urlTemplate\":\"https:\/\/visuresmart.it\/news\/?s={search_term_string}\"},\"query-input\":{\"@type\":\"PropertyValueSpecification\",\"valueRequired\":true,\"valueName\":\"search_term_string\"}}],\"inLanguage\":\"it-IT\"},{\"@type\":\"Organization\",\"@id\":\"https:\/\/visuresmart.it\/news\/#organization\",\"name\":\"News VisureSmart.it\",\"url\":\"https:\/\/visuresmart.it\/news\/\",\"logo\":{\"@type\":\"ImageObject\",\"inLanguage\":\"it-IT\",\"@id\":\"https:\/\/visuresmart.it\/news\/#\/schema\/logo\/image\/\",\"url\":\"https:\/\/visuresmart.it\/news\/wp-content\/uploads\/2020\/03\/Risorsa-2.png\",\"contentUrl\":\"https:\/\/visuresmart.it\/news\/wp-content\/uploads\/2020\/03\/Risorsa-2.png\",\"width\":513,\"height\":513,\"caption\":\"News VisureSmart.it\"},\"image\":{\"@id\":\"https:\/\/visuresmart.it\/news\/#\/schema\/logo\/image\/\"},\"sameAs\":[\"https:\/\/www.facebook.com\/visuresmart.it\/\",\"https:\/\/www.instagram.com\/visuresmart.it\/\"],\"description\":\"Visuresmart.it \u00e8 un portale unico specializzato nella richiesta di documenti burocratici, tanto per i professionisti quanto per i cittadini. I nostri servizi permettono di ottenere un contatto diretto con la Pubblica Amministrazione, l\u2019Anagrafe, la Camera di Commercio e il Tribunale. Il nostro team \u00e8 composto da professionisti del settore, esperti nell\u2019espletare pratiche e capaci di consigliare e indirizzare i nostri clienti verso le soluzioni migliori.\",\"email\":\"info@visuresmart.it\"},{\"@type\":\"Person\",\"@id\":\"https:\/\/visuresmart.it\/news\/#\/schema\/person\/d0f7098c1019cb238b9fe689eb27f08d\",\"name\":\"Visuresmart\",\"image\":{\"@type\":\"ImageObject\",\"inLanguage\":\"it-IT\",\"@id\":\"https:\/\/visuresmart.it\/news\/#\/schema\/person\/image\/\",\"url\":\"https:\/\/secure.gravatar.com\/avatar\/4bee21bb1ff545097d278f99201269f5?s=96&d=mm&r=g\",\"contentUrl\":\"https:\/\/secure.gravatar.com\/avatar\/4bee21bb1ff545097d278f99201269f5?s=96&d=mm&r=g\",\"caption\":\"Visuresmart\"}}]}<\/script>\r\n<!-- \/ Yoast SEO Premium plugin. -->","yoast_head_json":{"title":"Cassa integrazione e lavoro autonomo: arriva Iscro","description":"Cassa integrazione e lavoro autonomo: si chiamer\u00e0 Iscro e preveder\u00e0 un sussidio per i liberi professionisti e i lavoratori autonomi","robots":{"index":"index","follow":"follow","max-snippet":"max-snippet:-1","max-image-preview":"max-image-preview:large","max-video-preview":"max-video-preview:-1"},"canonical":"https:\/\/visuresmart.it\/news\/cassa-integrazione-e-lavoro-autonomo-arriva-iscro\/","og_locale":"it_IT","og_type":"article","og_title":"Cassa integrazione e lavoro autonomo: arriva Iscro","og_description":"Cassa integrazione e lavoro autonomo: si chiamer\u00e0 Iscro e preveder\u00e0 un sussidio per i liberi professionisti e i lavoratori autonomi","og_url":"https:\/\/visuresmart.it\/news\/cassa-integrazione-e-lavoro-autonomo-arriva-iscro\/","og_site_name":"VisureSmart News","article_publisher":"https:\/\/www.facebook.com\/visuresmart.it\/","article_published_time":"2020-12-18T15:36:11+00:00","article_modified_time":"2020-12-18T15:36:18+00:00","og_image":[{"width":6000,"height":4000,"url":"https:\/\/visuresmart.it\/news\/wp-content\/uploads\/2020\/12\/Cassa-integrazione-e-lavoro-autonomo.jpg","type":"image\/jpeg"}],"author":"Visuresmart","twitter_card":"summary_large_image","twitter_misc":{"Scritto da":"Visuresmart","Tempo di lettura stimato":"1 minuto"},"schema":{"@context":"https:\/\/schema.org","@graph":[{"@type":"Article","@id":"https:\/\/visuresmart.it\/news\/cassa-integrazione-e-lavoro-autonomo-arriva-iscro\/#article","isPartOf":{"@id":"https:\/\/visuresmart.it\/news\/cassa-integrazione-e-lavoro-autonomo-arriva-iscro\/"},"author":{"name":"Visuresmart","@id":"https:\/\/visuresmart.it\/news\/#\/schema\/person\/d0f7098c1019cb238b9fe689eb27f08d"},"headline":"Cassa integrazione e lavoro autonomo: arriva Iscro","datePublished":"2020-12-18T15:36:11+00:00","dateModified":"2020-12-18T15:36:18+00:00","mainEntityOfPage":{"@id":"https:\/\/visuresmart.it\/news\/cassa-integrazione-e-lavoro-autonomo-arriva-iscro\/"},"wordCount":290,"commentCount":0,"publisher":{"@id":"https:\/\/visuresmart.it\/news\/#organization"},"image":{"@id":"https:\/\/visuresmart.it\/news\/cassa-integrazione-e-lavoro-autonomo-arriva-iscro\/#primaryimage"},"thumbnailUrl":"https:\/\/visuresmart.it\/news\/wp-content\/uploads\/2020\/12\/Cassa-integrazione-e-lavoro-autonomo.jpg","keywords":["cassa integrazione","iscro","lavoratori autonomi","partita iva"],"articleSection":["Lavoro e Pensioni"],"inLanguage":"it-IT","potentialAction":[{"@type":"CommentAction","name":"Comment","target":["https:\/\/visuresmart.it\/news\/cassa-integrazione-e-lavoro-autonomo-arriva-iscro\/#respond"]}]},{"@type":"WebPage","@id":"https:\/\/visuresmart.it\/news\/cassa-integrazione-e-lavoro-autonomo-arriva-iscro\/","url":"https:\/\/visuresmart.it\/news\/cassa-integrazione-e-lavoro-autonomo-arriva-iscro\/","name":"Cassa integrazione e lavoro autonomo: arriva Iscro","isPartOf":{"@id":"https:\/\/visuresmart.it\/news\/#website"},"primaryImageOfPage":{"@id":"https:\/\/visuresmart.it\/news\/cassa-integrazione-e-lavoro-autonomo-arriva-iscro\/#primaryimage"},"image":{"@id":"https:\/\/visuresmart.it\/news\/cassa-integrazione-e-lavoro-autonomo-arriva-iscro\/#primaryimage"},"thumbnailUrl":"https:\/\/visuresmart.it\/news\/wp-content\/uploads\/2020\/12\/Cassa-integrazione-e-lavoro-autonomo.jpg","datePublished":"2020-12-18T15:36:11+00:00","dateModified":"2020-12-18T15:36:18+00:00","description":"Cassa integrazione e lavoro autonomo: si chiamer\u00e0 Iscro e preveder\u00e0 un sussidio per i liberi professionisti e i lavoratori autonomi","breadcrumb":{"@id":"https:\/\/visuresmart.it\/news\/cassa-integrazione-e-lavoro-autonomo-arriva-iscro\/#breadcrumb"},"inLanguage":"it-IT","potentialAction":[{"@type":"ReadAction","target":["https:\/\/visuresmart.it\/news\/cassa-integrazione-e-lavoro-autonomo-arriva-iscro\/"]}]},{"@type":"ImageObject","inLanguage":"it-IT","@id":"https:\/\/visuresmart.it\/news\/cassa-integrazione-e-lavoro-autonomo-arriva-iscro\/#primaryimage","url":"https:\/\/visuresmart.it\/news\/wp-content\/uploads\/2020\/12\/Cassa-integrazione-e-lavoro-autonomo.jpg","contentUrl":"https:\/\/visuresmart.it\/news\/wp-content\/uploads\/2020\/12\/Cassa-integrazione-e-lavoro-autonomo.jpg","width":6000,"height":4000,"caption":"Cassa integrazione e lavoro autonomo"},{"@type":"BreadcrumbList","@id":"https:\/\/visuresmart.it\/news\/cassa-integrazione-e-lavoro-autonomo-arriva-iscro\/#breadcrumb","itemListElement":[{"@type":"ListItem","position":1,"name":"Home","item":"https:\/\/visuresmart.it\/news\/"},{"@type":"ListItem","position":2,"name":"Cassa integrazione e lavoro autonomo: arriva Iscro"}]},{"@type":"WebSite","@id":"https:\/\/visuresmart.it\/news\/#website","url":"https:\/\/visuresmart.it\/news\/","name":"VisureSmart News","description":"Il blog che nasce con l&#039;intento di aiutarvi a trovare informazioni su casa, famiglia, auto, lavoro e imprese in modo rapido e semplificato!","publisher":{"@id":"https:\/\/visuresmart.it\/news\/#organization"},"alternateName":"Visuresmart","potentialAction":[{"@type":"SearchAction","target":{"@type":"EntryPoint","urlTemplate":"https:\/\/visuresmart.it\/news\/?s={search_term_string}"},"query-input":{"@type":"PropertyValueSpecification","valueRequired":true,"valueName":"search_term_string"}}],"inLanguage":"it-IT"},{"@type":"Organization","@id":"https:\/\/visuresmart.it\/news\/#organization","name":"News VisureSmart.it","url":"https:\/\/visuresmart.it\/news\/","logo":{"@type":"ImageObject","inLanguage":"it-IT","@id":"https:\/\/visuresmart.it\/news\/#\/schema\/logo\/image\/","url":"https:\/\/visuresmart.it\/news\/wp-content\/uploads\/2020\/03\/Risorsa-2.png","contentUrl":"https:\/\/visuresmart.it\/news\/wp-content\/uploads\/2020\/03\/Risorsa-2.png","width":513,"height":513,"caption":"News VisureSmart.it"},"image":{"@id":"https:\/\/visuresmart.it\/news\/#\/schema\/logo\/image\/"},"sameAs":["https:\/\/www.facebook.com\/visuresmart.it\/","https:\/\/www.instagram.com\/visuresmart.it\/"],"description":"Visuresmart.it \u00e8 un portale unico specializzato nella richiesta di documenti burocratici, tanto per i professionisti quanto per i cittadini. I nostri servizi permettono di ottenere un contatto diretto con la Pubblica Amministrazione, l\u2019Anagrafe, la Camera di Commercio e il Tribunale. Il nostro team \u00e8 composto da professionisti del settore, esperti nell\u2019espletare pratiche e capaci di consigliare e indirizzare i nostri clienti verso le soluzioni migliori.","email":"info@visuresmart.it"},{"@type":"Person","@id":"https:\/\/visuresmart.it\/news\/#\/schema\/person\/d0f7098c1019cb238b9fe689eb27f08d","name":"Visuresmart","image":{"@type":"ImageObject","inLanguage":"it-IT","@id":"https:\/\/visuresmart.it\/news\/#\/schema\/person\/image\/","url":"https:\/\/secure.gravatar.com\/avatar\/4bee21bb1ff545097d278f99201269f5?s=96&d=mm&r=g","contentUrl":"https:\/\/secure.gravatar.com\/avatar\/4bee21bb1ff545097d278f99201269f5?s=96&d=mm&r=g","caption":"Visuresmart"}}]}},"_links":{"self":[{"href":"https:\/\/visuresmart.it\/news\/wp-json\/wp\/v2\/posts\/1744"}],"collection":[{"href":"https:\/\/visuresmart.it\/news\/wp-json\/wp\/v2\/posts"}],"about":[{"href":"https:\/\/visuresmart.it\/news\/wp-json\/wp\/v2\/types\/post"}],"author":[{"embeddable":true,"href":"https:\/\/visuresmart.it\/news\/wp-json\/wp\/v2\/users\/3"}],"replies":[{"embeddable":true,"href":"https:\/\/visuresmart.it\/news\/wp-json\/wp\/v2\/comments?post=1744"}],"version-history":[{"count":0,"href":"https:\/\/visuresmart.it\/news\/wp-json\/wp\/v2\/posts\/1744\/revisions"}],"wp:featuredmedia":[{"embeddable":true,"href":"https:\/\/visuresmart.it\/news\/wp-json\/wp\/v2\/media\/1747"}],"wp:attachment":[{"href":"https:\/\/visuresmart.it\/news\/wp-json\/wp\/v2\/media?parent=1744"}],"wp:term":[{"taxonomy":"category","embeddable":true,"href":"https:\/\/visuresmart.it\/news\/wp-json\/wp\/v2\/categories?post=1744"},{"taxonomy":"post_tag","embeddable":true,"href":"https:\/\/visuresmart.it\/news\/wp-json\/wp\/v2\/tags?post=1744"}],"curies":[{"name":"wp","href":"https:\/\/api.w.org\/{rel}","templated":true}]}}