{"id":2090,"date":"2021-02-26T15:34:10","date_gmt":"2021-02-26T14:34:10","guid":{"rendered":"https:\/\/visuresmart.it\/news\/?p=2090"},"modified":"2021-02-26T15:34:13","modified_gmt":"2021-02-26T14:34:13","slug":"decreto-milleproroghe-2021-approvato-tutte-le-misure","status":"publish","type":"post","link":"https:\/\/visuresmart.it\/news\/decreto-milleproroghe-2021-approvato-tutte-le-misure\/","title":{"rendered":"Decreto Milleproroghe 2021 approvato: tutte le misure"},"content":{"rendered":"\n<h2 class=\"wp-block-heading\"><strong>Decreto Milleproroghe 2021<\/strong><\/h2>\n\n\n\n<p>Dopo la Camera, anche il Senato ha approvato definitivamente il decreto Milleproroghe 2021. Dal rinvio dei termini per le domande per la cassa integrazione Covid al prolungamento dell\u2019anno accademico 2019-2020. Dalla concessione di pi\u00f9 tempo per l\u2019utilizzo del bonus vacanze al mancato slittamento delle scadenze delle cartelle esattoriali. Diverse le <strong>misure<\/strong> contenute nel provvedimento, che sar\u00e0 ora convertito in legge entro il <strong>1\u00b0 marzo 2021<\/strong>.&nbsp;<\/p>\n\n\n\n<h2 class=\"wp-block-heading\"><strong>Decreto Milleproroghe 2021: non c\u2019\u00e8 la proroga delle scadenze<\/strong><\/h2>\n\n\n\n<p>La prima novit\u00e0 \u00e8 che \u00e8 stato <strong>bocciato<\/strong> l\u2019emendamento di Fratelli d\u2019Italia che prevedeva la proroga dei termini per l\u2019<strong>invio delle cartelle esattoriali<\/strong> oltre il 28 febbraio. In quella data scade infatti la <a href=\"https:\/\/www.ilsole24ore.com\/art\/cartelle-fiscali-si-governo-rinvio-un-mese-gualtieri-serviva-piu-ADvezTGB\" target=\"_blank\" rel=\"noreferrer noopener\" aria-label=\"mini-proroga (apre in una nuova scheda)\">mini-proroga<\/a> stabilita dall\u2019ex governo Conte. Si attende, ora, la soluzione proposta dal governo Draghi, che dovrebbe essere contenuta nel decreto Ristori V. La proroga al 28 febbraio valeva per alcuni adempimenti di natura tributaria: notifica di cartelle esattoriali, sospensione degli obblighi di accantonamento derivanti dai <strong>pignoramenti<\/strong> presso terzi effettuati dall\u2019agente della riscossione su stipendi e pensioni, termini di <strong>versamento<\/strong> derivanti da cartelle di pagamento.&nbsp;<\/p>\n\n\n\n<h2 class=\"wp-block-heading\"><strong>Proroga Cassa integrazione Covid<\/strong><\/h2>\n\n\n\n<p>La possibilit\u00e0 di chiedere la Cassa integrazione Covid \u00e8 stata invece prorogata. Il decreto Milleproroghe 2021 stabilisce che ci sar\u00e0 tempo fino al <strong>31 marzo 2021<\/strong> per presentare all\u2019Inps le istanze per la Cig. Sono interessata alla misura tutte quelle imprese che hanno ridotto o fermato le proprie attivit\u00e0 a causa dell\u2019emergenza sanitaria.&nbsp;<\/p>\n\n\n\n<p>Per le imprese \u00e8 previsto poi anche un allungamento al <strong>31 luglio<\/strong> delle deroghe che permettono l\u2019approvazione dei bilanci a <strong>180 giorni<\/strong> dalla chiusura dell\u2019esercizio (anzich\u00e9 120).<\/p>\n\n\n\n<h2 class=\"wp-block-heading\"><strong>Decreto Milleproroghe 2021: il cuneo fiscale<\/strong><\/h2>\n\n\n\n<p>Provvedimenti sono stati adottati anche in materia di cuneo fiscale. Se, in sede di conguaglio, la riduzione del cuneo fiscale per i dipendenti (gli ex 80 euro) on spetta e l\u2019importo da restituire supera i 60 euro, il recupero avviene in <strong>10 rate<\/strong> invece di 8.&nbsp;<\/p>\n\n\n\n<h2 class=\"wp-block-heading\"><strong>Prolungamento anno accademico<\/strong>&nbsp;<\/h2>\n\n\n\n<p>Un provvedimento del decreto Milleproroghe 2021 riguarda poi gli studenti universitari. La misura mira a ridurre il numero di universitari che rischiano di andare <strong>fuori corso<\/strong> e di laurearsi in ritardo. Tenendo conto dei disagi causati dalla pandemia, infatti, il provvedimento stabilisce che gli studenti avranno pi\u00f9 tempo per concludere gli esami e laurearsi. Il prolungamento dell\u2019anno accademico 2019-2020 vede ora l\u2019ultima sessione fissata al <strong>15 giugno 2021<\/strong>.&nbsp;<\/p>\n\n\n\n<h2 class=\"wp-block-heading\"><strong>Proroga bonus vacanze<\/strong><\/h2>\n\n\n\n<p>\u00c8 stato prolungato di altri<strong> 6 mesi<\/strong> il tempo per usufruire del bonus vacanze (per saperne di pi\u00f9, l\u2019articolo dedicato <a href=\"https:\/\/visuresmart.it\/news\/bonus-vacanze-come-richiederlo\/\">Bonus vacanze: la guida per richiederlo<\/a>). Si tratta del contributo fino a <strong>500 euro<\/strong> da utilizzare in alberghi, campeggi, villaggi turistici, agriturismi e Bed &amp; Breakfast per soggiorni effettuati in Italia. Con la proroga, il bonus potr\u00e0 ora essere utilizzato fino al 31 dicembre 2021.&nbsp;<\/p>\n\n\n\n<h2 class=\"wp-block-heading\"><strong>Assunzioni Pubblica amministrazione<\/strong><\/h2>\n\n\n\n<p>Il decreto prevede poi <strong>pi\u00f9 assunzioni<\/strong> nella Pubblica amministrazione. un provvedimento che passa dalla stabilizzazione dei precari, che avranno un anno in pi\u00f9 per maturare i requisiti e partecipare ai concorsi loro riservati al 50%. I 3 anni di contratto negli ultimi otto si potranno raggiungere fino al 31 dicembre 2021.&nbsp;<\/p>\n\n\n\n<h2 class=\"wp-block-heading\"><strong>Blocco sfratti e mercato a maggior tutela<\/strong><\/h2>\n\n\n\n<p>Rimane fissata al 30 giungo 2021 la scadenza relativa al blocco degli sfratti. La maggioranza si \u00e8 infatti impegnata a rivedere la normativa, anche a seguito delle forti pressioni delle associazioni dei proprietari. Per ora per\u00f2 la data di scadenza del blocco resta <strong>invariata<\/strong>.<\/p>\n\n\n\n<p>Subisce invece uno slittamento il passaggio dal mercato a maggior tutela dell\u2019energia a quello libero. Il mercato sottoposto alle tariffe determinate dall\u2019Arera doveva infatti cessare il 1\u00b0 gennaio 2022. La scadenza \u00e8 stata rinviata di <strong>un anno<\/strong>.&nbsp;<\/p>\n","protected":false},"excerpt":{"rendered":"<p>Decreto Milleproroghe 2021 Dopo la Camera, anche il Senato ha approvato definitivamente il decreto Milleproroghe 2021. Dal rinvio dei termini per le domande per la cassa integrazione Covid al prolungamento dell\u2019anno accademico 2019-2020. Dalla concessione di pi\u00f9 tempo per l\u2019utilizzo del bonus vacanze al mancato slittamento delle scadenze delle cartelle esattoriali. Diverse le misure contenute [&hellip;]<\/p>\n","protected":false},"author":3,"featured_media":2096,"comment_status":"open","ping_status":"open","sticky":false,"template":"","format":"standard","meta":{"footnotes":""},"categories":[89],"tags":[343,274,475,345,59,504,141],"class_list":["post-2090","post","type-post","status-publish","format-standard","has-post-thumbnail","hentry","category-covid-19-visure-smart","tag-bonus-covid19","tag-bonus-vacanze","tag-cartelle-esattoriali","tag-cassa-integrazione","tag-covid-19","tag-decreto-milleproroghe","tag-emergenza-covid-19"],"yoast_head":"<!-- This site is optimized with the Yoast SEO Premium plugin v22.6 (Yoast SEO v23.6) - https:\/\/yoast.com\/wordpress\/plugins\/seo\/ -->\r\n<title>Decreto Milleproroghe 2021 approvato: tutte le misure<\/title>\r\n<meta name=\"description\" content=\"Il decreto Milleproroghe 2021 \u00e8 stato approvato alla Camera. Dalla proroga per la cassa integrazione Covid alle lauree: tutte le misure\" \/>\r\n<meta name=\"robots\" content=\"index, follow, max-snippet:-1, max-image-preview:large, max-video-preview:-1\" \/>\r\n<link rel=\"canonical\" href=\"https:\/\/visuresmart.it\/news\/decreto-milleproroghe-2021-approvato-tutte-le-misure\/\" \/>\r\n<meta property=\"og:locale\" content=\"it_IT\" \/>\r\n<meta property=\"og:type\" content=\"article\" \/>\r\n<meta property=\"og:title\" content=\"Decreto Milleproroghe 2021 approvato: tutte le misure\" \/>\r\n<meta property=\"og:description\" content=\"Il decreto Milleproroghe 2021 \u00e8 stato approvato alla Camera. Dalla proroga per la cassa integrazione Covid alle lauree: tutte le misure\" \/>\r\n<meta property=\"og:url\" content=\"https:\/\/visuresmart.it\/news\/decreto-milleproroghe-2021-approvato-tutte-le-misure\/\" \/>\r\n<meta property=\"og:site_name\" content=\"VisureSmart News\" \/>\r\n<meta property=\"article:publisher\" content=\"https:\/\/www.facebook.com\/visuresmart.it\/\" \/>\r\n<meta property=\"article:published_time\" content=\"2021-02-26T14:34:10+00:00\" \/>\r\n<meta property=\"article:modified_time\" content=\"2021-02-26T14:34:13+00:00\" \/>\r\n<meta property=\"og:image\" content=\"https:\/\/visuresmart.it\/news\/wp-content\/uploads\/2021\/02\/Decreto-Milleproroghe-2021-approvato-e1614349671341.jpg\" \/>\r\n\t<meta property=\"og:image:width\" content=\"1199\" \/>\r\n\t<meta property=\"og:image:height\" content=\"800\" \/>\r\n\t<meta property=\"og:image:type\" content=\"image\/jpeg\" \/>\r\n<meta name=\"author\" content=\"Visuresmart\" \/>\r\n<meta name=\"twitter:card\" content=\"summary_large_image\" \/>\r\n<meta name=\"twitter:label1\" content=\"Scritto da\" \/>\n\t<meta name=\"twitter:data1\" content=\"Visuresmart\" \/>\n\t<meta name=\"twitter:label2\" content=\"Tempo di lettura stimato\" \/>\n\t<meta name=\"twitter:data2\" content=\"3 minuti\" \/>\r\n<script type=\"application\/ld+json\" class=\"yoast-schema-graph\">{\"@context\":\"https:\/\/schema.org\",\"@graph\":[{\"@type\":\"Article\",\"@id\":\"https:\/\/visuresmart.it\/news\/decreto-milleproroghe-2021-approvato-tutte-le-misure\/#article\",\"isPartOf\":{\"@id\":\"https:\/\/visuresmart.it\/news\/decreto-milleproroghe-2021-approvato-tutte-le-misure\/\"},\"author\":{\"name\":\"Visuresmart\",\"@id\":\"https:\/\/visuresmart.it\/news\/#\/schema\/person\/d0f7098c1019cb238b9fe689eb27f08d\"},\"headline\":\"Decreto Milleproroghe 2021 approvato: tutte le misure\",\"datePublished\":\"2021-02-26T14:34:10+00:00\",\"dateModified\":\"2021-02-26T14:34:13+00:00\",\"mainEntityOfPage\":{\"@id\":\"https:\/\/visuresmart.it\/news\/decreto-milleproroghe-2021-approvato-tutte-le-misure\/\"},\"wordCount\":583,\"commentCount\":0,\"publisher\":{\"@id\":\"https:\/\/visuresmart.it\/news\/#organization\"},\"image\":{\"@id\":\"https:\/\/visuresmart.it\/news\/decreto-milleproroghe-2021-approvato-tutte-le-misure\/#primaryimage\"},\"thumbnailUrl\":\"https:\/\/visuresmart.it\/news\/wp-content\/uploads\/2021\/02\/Decreto-Milleproroghe-2021-approvato-e1614349671341.jpg\",\"keywords\":[\"bonus covid19\",\"bonus vacanze\",\"cartelle esattoriali\",\"cassa integrazione\",\"covid-19\",\"decreto milleproroghe\",\"emergenza covid-19\"],\"articleSection\":[\"Covid-19\"],\"inLanguage\":\"it-IT\",\"potentialAction\":[{\"@type\":\"CommentAction\",\"name\":\"Comment\",\"target\":[\"https:\/\/visuresmart.it\/news\/decreto-milleproroghe-2021-approvato-tutte-le-misure\/#respond\"]}]},{\"@type\":\"WebPage\",\"@id\":\"https:\/\/visuresmart.it\/news\/decreto-milleproroghe-2021-approvato-tutte-le-misure\/\",\"url\":\"https:\/\/visuresmart.it\/news\/decreto-milleproroghe-2021-approvato-tutte-le-misure\/\",\"name\":\"Decreto Milleproroghe 2021 approvato: tutte le misure\",\"isPartOf\":{\"@id\":\"https:\/\/visuresmart.it\/news\/#website\"},\"primaryImageOfPage\":{\"@id\":\"https:\/\/visuresmart.it\/news\/decreto-milleproroghe-2021-approvato-tutte-le-misure\/#primaryimage\"},\"image\":{\"@id\":\"https:\/\/visuresmart.it\/news\/decreto-milleproroghe-2021-approvato-tutte-le-misure\/#primaryimage\"},\"thumbnailUrl\":\"https:\/\/visuresmart.it\/news\/wp-content\/uploads\/2021\/02\/Decreto-Milleproroghe-2021-approvato-e1614349671341.jpg\",\"datePublished\":\"2021-02-26T14:34:10+00:00\",\"dateModified\":\"2021-02-26T14:34:13+00:00\",\"description\":\"Il decreto Milleproroghe 2021 \u00e8 stato approvato alla Camera. Dalla proroga per la cassa integrazione Covid alle lauree: tutte le misure\",\"breadcrumb\":{\"@id\":\"https:\/\/visuresmart.it\/news\/decreto-milleproroghe-2021-approvato-tutte-le-misure\/#breadcrumb\"},\"inLanguage\":\"it-IT\",\"potentialAction\":[{\"@type\":\"ReadAction\",\"target\":[\"https:\/\/visuresmart.it\/news\/decreto-milleproroghe-2021-approvato-tutte-le-misure\/\"]}]},{\"@type\":\"ImageObject\",\"inLanguage\":\"it-IT\",\"@id\":\"https:\/\/visuresmart.it\/news\/decreto-milleproroghe-2021-approvato-tutte-le-misure\/#primaryimage\",\"url\":\"https:\/\/visuresmart.it\/news\/wp-content\/uploads\/2021\/02\/Decreto-Milleproroghe-2021-approvato-e1614349671341.jpg\",\"contentUrl\":\"https:\/\/visuresmart.it\/news\/wp-content\/uploads\/2021\/02\/Decreto-Milleproroghe-2021-approvato-e1614349671341.jpg\",\"width\":1199,\"height\":800,\"caption\":\"Decreto Milleproroghe 2021 approvato\"},{\"@type\":\"BreadcrumbList\",\"@id\":\"https:\/\/visuresmart.it\/news\/decreto-milleproroghe-2021-approvato-tutte-le-misure\/#breadcrumb\",\"itemListElement\":[{\"@type\":\"ListItem\",\"position\":1,\"name\":\"Home\",\"item\":\"https:\/\/visuresmart.it\/news\/\"},{\"@type\":\"ListItem\",\"position\":2,\"name\":\"Decreto Milleproroghe 2021 approvato: tutte le misure\"}]},{\"@type\":\"WebSite\",\"@id\":\"https:\/\/visuresmart.it\/news\/#website\",\"url\":\"https:\/\/visuresmart.it\/news\/\",\"name\":\"VisureSmart News\",\"description\":\"Il blog che nasce con l&#039;intento di aiutarvi a trovare informazioni su casa, famiglia, auto, lavoro e imprese in modo rapido e semplificato!\",\"publisher\":{\"@id\":\"https:\/\/visuresmart.it\/news\/#organization\"},\"alternateName\":\"Visuresmart\",\"potentialAction\":[{\"@type\":\"SearchAction\",\"target\":{\"@type\":\"EntryPoint\",\"urlTemplate\":\"https:\/\/visuresmart.it\/news\/?s={search_term_string}\"},\"query-input\":{\"@type\":\"PropertyValueSpecification\",\"valueRequired\":true,\"valueName\":\"search_term_string\"}}],\"inLanguage\":\"it-IT\"},{\"@type\":\"Organization\",\"@id\":\"https:\/\/visuresmart.it\/news\/#organization\",\"name\":\"News VisureSmart.it\",\"url\":\"https:\/\/visuresmart.it\/news\/\",\"logo\":{\"@type\":\"ImageObject\",\"inLanguage\":\"it-IT\",\"@id\":\"https:\/\/visuresmart.it\/news\/#\/schema\/logo\/image\/\",\"url\":\"https:\/\/visuresmart.it\/news\/wp-content\/uploads\/2020\/03\/Risorsa-2.png\",\"contentUrl\":\"https:\/\/visuresmart.it\/news\/wp-content\/uploads\/2020\/03\/Risorsa-2.png\",\"width\":513,\"height\":513,\"caption\":\"News VisureSmart.it\"},\"image\":{\"@id\":\"https:\/\/visuresmart.it\/news\/#\/schema\/logo\/image\/\"},\"sameAs\":[\"https:\/\/www.facebook.com\/visuresmart.it\/\",\"https:\/\/www.instagram.com\/visuresmart.it\/\"],\"description\":\"Visuresmart.it \u00e8 un portale unico specializzato nella richiesta di documenti burocratici, tanto per i professionisti quanto per i cittadini. I nostri servizi permettono di ottenere un contatto diretto con la Pubblica Amministrazione, l\u2019Anagrafe, la Camera di Commercio e il Tribunale. Il nostro team \u00e8 composto da professionisti del settore, esperti nell\u2019espletare pratiche e capaci di consigliare e indirizzare i nostri clienti verso le soluzioni migliori.\",\"email\":\"info@visuresmart.it\"},{\"@type\":\"Person\",\"@id\":\"https:\/\/visuresmart.it\/news\/#\/schema\/person\/d0f7098c1019cb238b9fe689eb27f08d\",\"name\":\"Visuresmart\",\"image\":{\"@type\":\"ImageObject\",\"inLanguage\":\"it-IT\",\"@id\":\"https:\/\/visuresmart.it\/news\/#\/schema\/person\/image\/\",\"url\":\"https:\/\/secure.gravatar.com\/avatar\/4bee21bb1ff545097d278f99201269f5?s=96&d=mm&r=g\",\"contentUrl\":\"https:\/\/secure.gravatar.com\/avatar\/4bee21bb1ff545097d278f99201269f5?s=96&d=mm&r=g\",\"caption\":\"Visuresmart\"}}]}<\/script>\r\n<!-- \/ Yoast SEO Premium plugin. -->","yoast_head_json":{"title":"Decreto Milleproroghe 2021 approvato: tutte le misure","description":"Il decreto Milleproroghe 2021 \u00e8 stato approvato alla Camera. Dalla proroga per la cassa integrazione Covid alle lauree: tutte le misure","robots":{"index":"index","follow":"follow","max-snippet":"max-snippet:-1","max-image-preview":"max-image-preview:large","max-video-preview":"max-video-preview:-1"},"canonical":"https:\/\/visuresmart.it\/news\/decreto-milleproroghe-2021-approvato-tutte-le-misure\/","og_locale":"it_IT","og_type":"article","og_title":"Decreto Milleproroghe 2021 approvato: tutte le misure","og_description":"Il decreto Milleproroghe 2021 \u00e8 stato approvato alla Camera. Dalla proroga per la cassa integrazione Covid alle lauree: tutte le misure","og_url":"https:\/\/visuresmart.it\/news\/decreto-milleproroghe-2021-approvato-tutte-le-misure\/","og_site_name":"VisureSmart News","article_publisher":"https:\/\/www.facebook.com\/visuresmart.it\/","article_published_time":"2021-02-26T14:34:10+00:00","article_modified_time":"2021-02-26T14:34:13+00:00","og_image":[{"width":1199,"height":800,"url":"https:\/\/visuresmart.it\/news\/wp-content\/uploads\/2021\/02\/Decreto-Milleproroghe-2021-approvato-e1614349671341.jpg","type":"image\/jpeg"}],"author":"Visuresmart","twitter_card":"summary_large_image","twitter_misc":{"Scritto da":"Visuresmart","Tempo di lettura stimato":"3 minuti"},"schema":{"@context":"https:\/\/schema.org","@graph":[{"@type":"Article","@id":"https:\/\/visuresmart.it\/news\/decreto-milleproroghe-2021-approvato-tutte-le-misure\/#article","isPartOf":{"@id":"https:\/\/visuresmart.it\/news\/decreto-milleproroghe-2021-approvato-tutte-le-misure\/"},"author":{"name":"Visuresmart","@id":"https:\/\/visuresmart.it\/news\/#\/schema\/person\/d0f7098c1019cb238b9fe689eb27f08d"},"headline":"Decreto Milleproroghe 2021 approvato: tutte le misure","datePublished":"2021-02-26T14:34:10+00:00","dateModified":"2021-02-26T14:34:13+00:00","mainEntityOfPage":{"@id":"https:\/\/visuresmart.it\/news\/decreto-milleproroghe-2021-approvato-tutte-le-misure\/"},"wordCount":583,"commentCount":0,"publisher":{"@id":"https:\/\/visuresmart.it\/news\/#organization"},"image":{"@id":"https:\/\/visuresmart.it\/news\/decreto-milleproroghe-2021-approvato-tutte-le-misure\/#primaryimage"},"thumbnailUrl":"https:\/\/visuresmart.it\/news\/wp-content\/uploads\/2021\/02\/Decreto-Milleproroghe-2021-approvato-e1614349671341.jpg","keywords":["bonus covid19","bonus vacanze","cartelle esattoriali","cassa integrazione","covid-19","decreto milleproroghe","emergenza covid-19"],"articleSection":["Covid-19"],"inLanguage":"it-IT","potentialAction":[{"@type":"CommentAction","name":"Comment","target":["https:\/\/visuresmart.it\/news\/decreto-milleproroghe-2021-approvato-tutte-le-misure\/#respond"]}]},{"@type":"WebPage","@id":"https:\/\/visuresmart.it\/news\/decreto-milleproroghe-2021-approvato-tutte-le-misure\/","url":"https:\/\/visuresmart.it\/news\/decreto-milleproroghe-2021-approvato-tutte-le-misure\/","name":"Decreto Milleproroghe 2021 approvato: tutte le misure","isPartOf":{"@id":"https:\/\/visuresmart.it\/news\/#website"},"primaryImageOfPage":{"@id":"https:\/\/visuresmart.it\/news\/decreto-milleproroghe-2021-approvato-tutte-le-misure\/#primaryimage"},"image":{"@id":"https:\/\/visuresmart.it\/news\/decreto-milleproroghe-2021-approvato-tutte-le-misure\/#primaryimage"},"thumbnailUrl":"https:\/\/visuresmart.it\/news\/wp-content\/uploads\/2021\/02\/Decreto-Milleproroghe-2021-approvato-e1614349671341.jpg","datePublished":"2021-02-26T14:34:10+00:00","dateModified":"2021-02-26T14:34:13+00:00","description":"Il decreto Milleproroghe 2021 \u00e8 stato approvato alla Camera. Dalla proroga per la cassa integrazione Covid alle lauree: tutte le misure","breadcrumb":{"@id":"https:\/\/visuresmart.it\/news\/decreto-milleproroghe-2021-approvato-tutte-le-misure\/#breadcrumb"},"inLanguage":"it-IT","potentialAction":[{"@type":"ReadAction","target":["https:\/\/visuresmart.it\/news\/decreto-milleproroghe-2021-approvato-tutte-le-misure\/"]}]},{"@type":"ImageObject","inLanguage":"it-IT","@id":"https:\/\/visuresmart.it\/news\/decreto-milleproroghe-2021-approvato-tutte-le-misure\/#primaryimage","url":"https:\/\/visuresmart.it\/news\/wp-content\/uploads\/2021\/02\/Decreto-Milleproroghe-2021-approvato-e1614349671341.jpg","contentUrl":"https:\/\/visuresmart.it\/news\/wp-content\/uploads\/2021\/02\/Decreto-Milleproroghe-2021-approvato-e1614349671341.jpg","width":1199,"height":800,"caption":"Decreto Milleproroghe 2021 approvato"},{"@type":"BreadcrumbList","@id":"https:\/\/visuresmart.it\/news\/decreto-milleproroghe-2021-approvato-tutte-le-misure\/#breadcrumb","itemListElement":[{"@type":"ListItem","position":1,"name":"Home","item":"https:\/\/visuresmart.it\/news\/"},{"@type":"ListItem","position":2,"name":"Decreto Milleproroghe 2021 approvato: tutte le misure"}]},{"@type":"WebSite","@id":"https:\/\/visuresmart.it\/news\/#website","url":"https:\/\/visuresmart.it\/news\/","name":"VisureSmart News","description":"Il blog che nasce con l&#039;intento di aiutarvi a trovare informazioni su casa, famiglia, auto, lavoro e imprese in modo rapido e semplificato!","publisher":{"@id":"https:\/\/visuresmart.it\/news\/#organization"},"alternateName":"Visuresmart","potentialAction":[{"@type":"SearchAction","target":{"@type":"EntryPoint","urlTemplate":"https:\/\/visuresmart.it\/news\/?s={search_term_string}"},"query-input":{"@type":"PropertyValueSpecification","valueRequired":true,"valueName":"search_term_string"}}],"inLanguage":"it-IT"},{"@type":"Organization","@id":"https:\/\/visuresmart.it\/news\/#organization","name":"News VisureSmart.it","url":"https:\/\/visuresmart.it\/news\/","logo":{"@type":"ImageObject","inLanguage":"it-IT","@id":"https:\/\/visuresmart.it\/news\/#\/schema\/logo\/image\/","url":"https:\/\/visuresmart.it\/news\/wp-content\/uploads\/2020\/03\/Risorsa-2.png","contentUrl":"https:\/\/visuresmart.it\/news\/wp-content\/uploads\/2020\/03\/Risorsa-2.png","width":513,"height":513,"caption":"News VisureSmart.it"},"image":{"@id":"https:\/\/visuresmart.it\/news\/#\/schema\/logo\/image\/"},"sameAs":["https:\/\/www.facebook.com\/visuresmart.it\/","https:\/\/www.instagram.com\/visuresmart.it\/"],"description":"Visuresmart.it \u00e8 un portale unico specializzato nella richiesta di documenti burocratici, tanto per i professionisti quanto per i cittadini. I nostri servizi permettono di ottenere un contatto diretto con la Pubblica Amministrazione, l\u2019Anagrafe, la Camera di Commercio e il Tribunale. Il nostro team \u00e8 composto da professionisti del settore, esperti nell\u2019espletare pratiche e capaci di consigliare e indirizzare i nostri clienti verso le soluzioni migliori.","email":"info@visuresmart.it"},{"@type":"Person","@id":"https:\/\/visuresmart.it\/news\/#\/schema\/person\/d0f7098c1019cb238b9fe689eb27f08d","name":"Visuresmart","image":{"@type":"ImageObject","inLanguage":"it-IT","@id":"https:\/\/visuresmart.it\/news\/#\/schema\/person\/image\/","url":"https:\/\/secure.gravatar.com\/avatar\/4bee21bb1ff545097d278f99201269f5?s=96&d=mm&r=g","contentUrl":"https:\/\/secure.gravatar.com\/avatar\/4bee21bb1ff545097d278f99201269f5?s=96&d=mm&r=g","caption":"Visuresmart"}}]}},"_links":{"self":[{"href":"https:\/\/visuresmart.it\/news\/wp-json\/wp\/v2\/posts\/2090"}],"collection":[{"href":"https:\/\/visuresmart.it\/news\/wp-json\/wp\/v2\/posts"}],"about":[{"href":"https:\/\/visuresmart.it\/news\/wp-json\/wp\/v2\/types\/post"}],"author":[{"embeddable":true,"href":"https:\/\/visuresmart.it\/news\/wp-json\/wp\/v2\/users\/3"}],"replies":[{"embeddable":true,"href":"https:\/\/visuresmart.it\/news\/wp-json\/wp\/v2\/comments?post=2090"}],"version-history":[{"count":0,"href":"https:\/\/visuresmart.it\/news\/wp-json\/wp\/v2\/posts\/2090\/revisions"}],"wp:featuredmedia":[{"embeddable":true,"href":"https:\/\/visuresmart.it\/news\/wp-json\/wp\/v2\/media\/2096"}],"wp:attachment":[{"href":"https:\/\/visuresmart.it\/news\/wp-json\/wp\/v2\/media?parent=2090"}],"wp:term":[{"taxonomy":"category","embeddable":true,"href":"https:\/\/visuresmart.it\/news\/wp-json\/wp\/v2\/categories?post=2090"},{"taxonomy":"post_tag","embeddable":true,"href":"https:\/\/visuresmart.it\/news\/wp-json\/wp\/v2\/tags?post=2090"}],"curies":[{"name":"wp","href":"https:\/\/api.w.org\/{rel}","templated":true}]}}