{"id":2489,"date":"2021-05-21T12:10:30","date_gmt":"2021-05-21T10:10:30","guid":{"rendered":"https:\/\/visuresmart.it\/news\/?p=2489"},"modified":"2021-05-21T12:25:09","modified_gmt":"2021-05-21T10:25:09","slug":"contratto-di-rioccupazione-come-funziona-la-misura-per-le-assunzioni-del-sostegni-bis","status":"publish","type":"post","link":"https:\/\/visuresmart.it\/news\/contratto-di-rioccupazione-come-funziona-la-misura-per-le-assunzioni-del-sostegni-bis\/","title":{"rendered":"Contratto di rioccupazione: la misura per le assunzioni del Sostegni bis"},"content":{"rendered":"\n<h2 class=\"wp-block-heading\"><strong>Contratto di rioccupazione<\/strong><\/h2>\n\n\n\n<p>Cosa succeder\u00e0 dopo la fine del <a href=\"https:\/\/visuresmart.it\/news\/blocco-licenziamenti-chi-potra-essere-licenziato-dal-1-luglio\/\">blocco licenziamenti<\/a>? Una domanda che si sono posti in molti. E alla quale il <a href=\"https:\/\/www.gazzettaufficiale.it\/eli\/id\/2021\/03\/22\/21G00049\/sg\" target=\"_blank\" rel=\"noreferrer noopener\" aria-label=\"Decreto Sostegni (apre in una nuova scheda)\">Decreto Sostegni<\/a> aveva in parte risposto attraverso la proroga del blocco fino al <strong>30 giugno 2021<\/strong> e fino al 31 ottobre 2021 per le aziende che ricorrono agli ammortizzatori sociali con causale Covid-19. Il Decreto Sostegni bis introduce una nuova misura, che si inserisce in un pi\u00f9 ampio \u201c<strong>pacchetto lavoro<\/strong>\u201d che contiene diverse altre misure per favorire l\u2019occupazione ed evitare i licenziamenti. Come dovrebbe funzionare il contratto di rioccupazione?<\/p>\n\n\n\n<h2 class=\"wp-block-heading\"><strong>Contratto di rioccupazione: cos\u2019\u00e8<\/strong><\/h2>\n\n\n\n<p>Il contratto di rioccupazione \u00e8 un tipo di contratto subordinato <strong>a tempo indeterminato<\/strong> che incentiva l\u2019inserimento nel mondo del lavoro dei soggetti in cerca di nuova assunzione. Si tratta di un\u2019agevolazione pensata per la fase di ripresa delle attivit\u00e0 dopo l\u2019emergenza economico-sanitaria. Il contratto sar\u00e0 legato a un <strong>periodo di formazione<\/strong>. Servir\u00e0 a garantire che le competenze professionali del lavoratore siano adeguate alla nuova azienda in cui il soggetto si andr\u00e0 a inserire. Si prevede che questo periodo avr\u00e0 una durata di <strong>6 mesi<\/strong> e saranno applicate le sanzioni che valgono per il licenziamento illegittimo.&nbsp;La misura rientra tra quelle previste dal&nbsp;Decreto Sostegni bis, fino ad ora pi\u00f9 volte slittato. Il provvedimento potrebbe essere adottato gi\u00e0 dal prossimo 24 maggio 2021.&nbsp;<\/p>\n\n\n\n<h2 class=\"wp-block-heading\"><strong>Lo sgravio contributivo<\/strong><\/h2>\n\n\n\n<p>Per i datori di lavoro privati che assumeranno lavoratori sottoscrivendo un contratto di rioccupazione, sar\u00e0 riconosciuto, per un periodo massimo di 6 mesi, l\u2019<strong>esonero dal versamento del 100%<\/strong> dei complessivi contributi previdenziali dovuti dal datore. lo sgravio avr\u00e0 un limite massimo d\u2019importo pari a <strong>6 mila euro<\/strong>. I datori di lavoro che possono accedere all\u2019agevolazione sono quelli che, nei 6 mesi precedenti all\u2019assunzione, non abbiano proceduto a licenziamenti individuali o collettivi. Inoltre, lo sgravio contributivo sar\u00e0 restituito dal datore nel caso il lavoratore, alla fine del periodo di formazione, <strong>non venisse assunto<\/strong>.<\/p>\n\n\n\n<p>Al fine di desumere informazioni su un\u2019azienda iscritta al Registro Imprese delle Camere di Commercio italiane, \u00e8 possibile richiedere una <a href=\"https:\/\/visuresmart.it\/front\/CameraCommercio_VisuraCamerale.aspx\">Visura Camerale<\/a>. Il documento riporta infatti anche informazioni relative al numero e alla tipologia di addetti, certificati di qualit\u00e0 e attestazioni: informazioni utili a <strong>verificare la compatibilit\u00e0<\/strong> dell\u2019azienda con le diverse agevolazioni del \u201cpacchetto lavoro\u201d. Comodamente da casa, si pu\u00f2 effettuare la richiesta online affidandosi al servizio rapido ed esperto di <a href=\"https:\/\/visuresmart.it\">VisureSmart.it<\/a>.&nbsp;<\/p>\n","protected":false},"excerpt":{"rendered":"<p>Contratto di rioccupazione Cosa succeder\u00e0 dopo la fine del blocco licenziamenti? Una domanda che si sono posti in molti. E alla quale il Decreto Sostegni aveva in parte risposto attraverso la proroga del blocco fino al 30 giugno 2021 e fino al 31 ottobre 2021 per le aziende che ricorrono agli ammortizzatori sociali con causale [&hellip;]<\/p>\n","protected":false},"author":3,"featured_media":2495,"comment_status":"open","ping_status":"open","sticky":false,"template":"","format":"standard","meta":{"footnotes":""},"categories":[24,28],"tags":[69,476,31,529,530,82,35],"class_list":["post-2489","post","type-post","status-publish","format-standard","has-post-thumbnail","hentry","category-aziende-visuresmart","category-lavoro-e-pensioni","tag-agevolazioni-economiche","tag-assunzioni","tag-aziende","tag-contratto-di-rioccupazione","tag-decreto-sostegni-bis","tag-lavoratori","tag-lavoro-e-pensioni"],"yoast_head":"<!-- This site is optimized with the Yoast SEO Premium plugin v22.6 (Yoast SEO v23.6) - https:\/\/yoast.com\/wordpress\/plugins\/seo\/ -->\r\n<title>Contratto di rioccupazione: la misura per le assunzioni del Sostegni bis<\/title>\r\n<meta name=\"description\" content=\"Il contratto di rioccupazione \u00e8 previsto dal Decreto Sostegni bis e rientra nelle misure del &quot;pacchetto lavoro&quot; a favore delle assunzioni\" \/>\r\n<meta name=\"robots\" content=\"index, follow, max-snippet:-1, max-image-preview:large, max-video-preview:-1\" \/>\r\n<link rel=\"canonical\" href=\"https:\/\/visuresmart.it\/news\/contratto-di-rioccupazione-come-funziona-la-misura-per-le-assunzioni-del-sostegni-bis\/\" \/>\r\n<meta property=\"og:locale\" content=\"it_IT\" \/>\r\n<meta property=\"og:type\" content=\"article\" \/>\r\n<meta property=\"og:title\" content=\"Contratto di rioccupazione: la misura per le assunzioni del Sostegni bis\" \/>\r\n<meta property=\"og:description\" content=\"Il contratto di rioccupazione \u00e8 previsto dal Decreto Sostegni bis e rientra nelle misure del &quot;pacchetto lavoro&quot; a favore delle assunzioni\" \/>\r\n<meta property=\"og:url\" content=\"https:\/\/visuresmart.it\/news\/contratto-di-rioccupazione-come-funziona-la-misura-per-le-assunzioni-del-sostegni-bis\/\" \/>\r\n<meta property=\"og:site_name\" content=\"VisureSmart News\" \/>\r\n<meta property=\"article:publisher\" content=\"https:\/\/www.facebook.com\/visuresmart.it\/\" \/>\r\n<meta property=\"article:published_time\" content=\"2021-05-21T10:10:30+00:00\" \/>\r\n<meta property=\"article:modified_time\" content=\"2021-05-21T10:25:09+00:00\" \/>\r\n<meta property=\"og:image\" content=\"https:\/\/visuresmart.it\/news\/wp-content\/uploads\/2021\/05\/Contratto-di-rioccupazione-decreto-Sostegni-bis-e1621591754577.jpg\" \/>\r\n\t<meta property=\"og:image:width\" content=\"1199\" \/>\r\n\t<meta property=\"og:image:height\" content=\"800\" \/>\r\n\t<meta property=\"og:image:type\" content=\"image\/jpeg\" \/>\r\n<meta name=\"author\" content=\"Visuresmart\" \/>\r\n<meta name=\"twitter:card\" content=\"summary_large_image\" \/>\r\n<meta name=\"twitter:label1\" content=\"Scritto da\" \/>\n\t<meta name=\"twitter:data1\" content=\"Visuresmart\" \/>\n\t<meta name=\"twitter:label2\" content=\"Tempo di lettura stimato\" \/>\n\t<meta name=\"twitter:data2\" content=\"2 minuti\" \/>\r\n<script type=\"application\/ld+json\" class=\"yoast-schema-graph\">{\"@context\":\"https:\/\/schema.org\",\"@graph\":[{\"@type\":\"Article\",\"@id\":\"https:\/\/visuresmart.it\/news\/contratto-di-rioccupazione-come-funziona-la-misura-per-le-assunzioni-del-sostegni-bis\/#article\",\"isPartOf\":{\"@id\":\"https:\/\/visuresmart.it\/news\/contratto-di-rioccupazione-come-funziona-la-misura-per-le-assunzioni-del-sostegni-bis\/\"},\"author\":{\"name\":\"Visuresmart\",\"@id\":\"https:\/\/visuresmart.it\/news\/#\/schema\/person\/d0f7098c1019cb238b9fe689eb27f08d\"},\"headline\":\"Contratto di rioccupazione: la misura per le assunzioni del Sostegni bis\",\"datePublished\":\"2021-05-21T10:10:30+00:00\",\"dateModified\":\"2021-05-21T10:25:09+00:00\",\"mainEntityOfPage\":{\"@id\":\"https:\/\/visuresmart.it\/news\/contratto-di-rioccupazione-come-funziona-la-misura-per-le-assunzioni-del-sostegni-bis\/\"},\"wordCount\":398,\"commentCount\":0,\"publisher\":{\"@id\":\"https:\/\/visuresmart.it\/news\/#organization\"},\"image\":{\"@id\":\"https:\/\/visuresmart.it\/news\/contratto-di-rioccupazione-come-funziona-la-misura-per-le-assunzioni-del-sostegni-bis\/#primaryimage\"},\"thumbnailUrl\":\"https:\/\/visuresmart.it\/news\/wp-content\/uploads\/2021\/05\/Contratto-di-rioccupazione-decreto-Sostegni-bis-e1621591754577.jpg\",\"keywords\":[\"agevolazioni economiche\",\"assunzioni\",\"aziende\",\"contratto di rioccupazione\",\"decreto sostegni bis\",\"lavoratori\",\"lavoro e pensioni\"],\"articleSection\":[\"Aziende\",\"Lavoro e Pensioni\"],\"inLanguage\":\"it-IT\",\"potentialAction\":[{\"@type\":\"CommentAction\",\"name\":\"Comment\",\"target\":[\"https:\/\/visuresmart.it\/news\/contratto-di-rioccupazione-come-funziona-la-misura-per-le-assunzioni-del-sostegni-bis\/#respond\"]}]},{\"@type\":\"WebPage\",\"@id\":\"https:\/\/visuresmart.it\/news\/contratto-di-rioccupazione-come-funziona-la-misura-per-le-assunzioni-del-sostegni-bis\/\",\"url\":\"https:\/\/visuresmart.it\/news\/contratto-di-rioccupazione-come-funziona-la-misura-per-le-assunzioni-del-sostegni-bis\/\",\"name\":\"Contratto di rioccupazione: la misura per le assunzioni del Sostegni bis\",\"isPartOf\":{\"@id\":\"https:\/\/visuresmart.it\/news\/#website\"},\"primaryImageOfPage\":{\"@id\":\"https:\/\/visuresmart.it\/news\/contratto-di-rioccupazione-come-funziona-la-misura-per-le-assunzioni-del-sostegni-bis\/#primaryimage\"},\"image\":{\"@id\":\"https:\/\/visuresmart.it\/news\/contratto-di-rioccupazione-come-funziona-la-misura-per-le-assunzioni-del-sostegni-bis\/#primaryimage\"},\"thumbnailUrl\":\"https:\/\/visuresmart.it\/news\/wp-content\/uploads\/2021\/05\/Contratto-di-rioccupazione-decreto-Sostegni-bis-e1621591754577.jpg\",\"datePublished\":\"2021-05-21T10:10:30+00:00\",\"dateModified\":\"2021-05-21T10:25:09+00:00\",\"description\":\"Il contratto di rioccupazione \u00e8 previsto dal Decreto Sostegni bis e rientra nelle misure del \\\"pacchetto lavoro\\\" a favore delle assunzioni\",\"breadcrumb\":{\"@id\":\"https:\/\/visuresmart.it\/news\/contratto-di-rioccupazione-come-funziona-la-misura-per-le-assunzioni-del-sostegni-bis\/#breadcrumb\"},\"inLanguage\":\"it-IT\",\"potentialAction\":[{\"@type\":\"ReadAction\",\"target\":[\"https:\/\/visuresmart.it\/news\/contratto-di-rioccupazione-come-funziona-la-misura-per-le-assunzioni-del-sostegni-bis\/\"]}]},{\"@type\":\"ImageObject\",\"inLanguage\":\"it-IT\",\"@id\":\"https:\/\/visuresmart.it\/news\/contratto-di-rioccupazione-come-funziona-la-misura-per-le-assunzioni-del-sostegni-bis\/#primaryimage\",\"url\":\"https:\/\/visuresmart.it\/news\/wp-content\/uploads\/2021\/05\/Contratto-di-rioccupazione-decreto-Sostegni-bis-e1621591754577.jpg\",\"contentUrl\":\"https:\/\/visuresmart.it\/news\/wp-content\/uploads\/2021\/05\/Contratto-di-rioccupazione-decreto-Sostegni-bis-e1621591754577.jpg\",\"width\":1199,\"height\":800,\"caption\":\"Contratto di rioccupazione Decreto Sostegni bis\"},{\"@type\":\"BreadcrumbList\",\"@id\":\"https:\/\/visuresmart.it\/news\/contratto-di-rioccupazione-come-funziona-la-misura-per-le-assunzioni-del-sostegni-bis\/#breadcrumb\",\"itemListElement\":[{\"@type\":\"ListItem\",\"position\":1,\"name\":\"Home\",\"item\":\"https:\/\/visuresmart.it\/news\/\"},{\"@type\":\"ListItem\",\"position\":2,\"name\":\"Contratto di rioccupazione: la misura per le assunzioni del Sostegni bis\"}]},{\"@type\":\"WebSite\",\"@id\":\"https:\/\/visuresmart.it\/news\/#website\",\"url\":\"https:\/\/visuresmart.it\/news\/\",\"name\":\"VisureSmart News\",\"description\":\"Il blog che nasce con l&#039;intento di aiutarvi a trovare informazioni su casa, famiglia, auto, lavoro e imprese in modo rapido e semplificato!\",\"publisher\":{\"@id\":\"https:\/\/visuresmart.it\/news\/#organization\"},\"alternateName\":\"Visuresmart\",\"potentialAction\":[{\"@type\":\"SearchAction\",\"target\":{\"@type\":\"EntryPoint\",\"urlTemplate\":\"https:\/\/visuresmart.it\/news\/?s={search_term_string}\"},\"query-input\":{\"@type\":\"PropertyValueSpecification\",\"valueRequired\":true,\"valueName\":\"search_term_string\"}}],\"inLanguage\":\"it-IT\"},{\"@type\":\"Organization\",\"@id\":\"https:\/\/visuresmart.it\/news\/#organization\",\"name\":\"News VisureSmart.it\",\"url\":\"https:\/\/visuresmart.it\/news\/\",\"logo\":{\"@type\":\"ImageObject\",\"inLanguage\":\"it-IT\",\"@id\":\"https:\/\/visuresmart.it\/news\/#\/schema\/logo\/image\/\",\"url\":\"https:\/\/visuresmart.it\/news\/wp-content\/uploads\/2020\/03\/Risorsa-2.png\",\"contentUrl\":\"https:\/\/visuresmart.it\/news\/wp-content\/uploads\/2020\/03\/Risorsa-2.png\",\"width\":513,\"height\":513,\"caption\":\"News VisureSmart.it\"},\"image\":{\"@id\":\"https:\/\/visuresmart.it\/news\/#\/schema\/logo\/image\/\"},\"sameAs\":[\"https:\/\/www.facebook.com\/visuresmart.it\/\",\"https:\/\/www.instagram.com\/visuresmart.it\/\"],\"description\":\"Visuresmart.it \u00e8 un portale unico specializzato nella richiesta di documenti burocratici, tanto per i professionisti quanto per i cittadini. I nostri servizi permettono di ottenere un contatto diretto con la Pubblica Amministrazione, l\u2019Anagrafe, la Camera di Commercio e il Tribunale. Il nostro team \u00e8 composto da professionisti del settore, esperti nell\u2019espletare pratiche e capaci di consigliare e indirizzare i nostri clienti verso le soluzioni migliori.\",\"email\":\"info@visuresmart.it\"},{\"@type\":\"Person\",\"@id\":\"https:\/\/visuresmart.it\/news\/#\/schema\/person\/d0f7098c1019cb238b9fe689eb27f08d\",\"name\":\"Visuresmart\",\"image\":{\"@type\":\"ImageObject\",\"inLanguage\":\"it-IT\",\"@id\":\"https:\/\/visuresmart.it\/news\/#\/schema\/person\/image\/\",\"url\":\"https:\/\/secure.gravatar.com\/avatar\/4bee21bb1ff545097d278f99201269f5?s=96&d=mm&r=g\",\"contentUrl\":\"https:\/\/secure.gravatar.com\/avatar\/4bee21bb1ff545097d278f99201269f5?s=96&d=mm&r=g\",\"caption\":\"Visuresmart\"}}]}<\/script>\r\n<!-- \/ Yoast SEO Premium plugin. -->","yoast_head_json":{"title":"Contratto di rioccupazione: la misura per le assunzioni del Sostegni bis","description":"Il contratto di rioccupazione \u00e8 previsto dal Decreto Sostegni bis e rientra nelle misure del \"pacchetto lavoro\" a favore delle assunzioni","robots":{"index":"index","follow":"follow","max-snippet":"max-snippet:-1","max-image-preview":"max-image-preview:large","max-video-preview":"max-video-preview:-1"},"canonical":"https:\/\/visuresmart.it\/news\/contratto-di-rioccupazione-come-funziona-la-misura-per-le-assunzioni-del-sostegni-bis\/","og_locale":"it_IT","og_type":"article","og_title":"Contratto di rioccupazione: la misura per le assunzioni del Sostegni bis","og_description":"Il contratto di rioccupazione \u00e8 previsto dal Decreto Sostegni bis e rientra nelle misure del \"pacchetto lavoro\" a favore delle assunzioni","og_url":"https:\/\/visuresmart.it\/news\/contratto-di-rioccupazione-come-funziona-la-misura-per-le-assunzioni-del-sostegni-bis\/","og_site_name":"VisureSmart News","article_publisher":"https:\/\/www.facebook.com\/visuresmart.it\/","article_published_time":"2021-05-21T10:10:30+00:00","article_modified_time":"2021-05-21T10:25:09+00:00","og_image":[{"width":1199,"height":800,"url":"https:\/\/visuresmart.it\/news\/wp-content\/uploads\/2021\/05\/Contratto-di-rioccupazione-decreto-Sostegni-bis-e1621591754577.jpg","type":"image\/jpeg"}],"author":"Visuresmart","twitter_card":"summary_large_image","twitter_misc":{"Scritto da":"Visuresmart","Tempo di lettura stimato":"2 minuti"},"schema":{"@context":"https:\/\/schema.org","@graph":[{"@type":"Article","@id":"https:\/\/visuresmart.it\/news\/contratto-di-rioccupazione-come-funziona-la-misura-per-le-assunzioni-del-sostegni-bis\/#article","isPartOf":{"@id":"https:\/\/visuresmart.it\/news\/contratto-di-rioccupazione-come-funziona-la-misura-per-le-assunzioni-del-sostegni-bis\/"},"author":{"name":"Visuresmart","@id":"https:\/\/visuresmart.it\/news\/#\/schema\/person\/d0f7098c1019cb238b9fe689eb27f08d"},"headline":"Contratto di rioccupazione: la misura per le assunzioni del Sostegni bis","datePublished":"2021-05-21T10:10:30+00:00","dateModified":"2021-05-21T10:25:09+00:00","mainEntityOfPage":{"@id":"https:\/\/visuresmart.it\/news\/contratto-di-rioccupazione-come-funziona-la-misura-per-le-assunzioni-del-sostegni-bis\/"},"wordCount":398,"commentCount":0,"publisher":{"@id":"https:\/\/visuresmart.it\/news\/#organization"},"image":{"@id":"https:\/\/visuresmart.it\/news\/contratto-di-rioccupazione-come-funziona-la-misura-per-le-assunzioni-del-sostegni-bis\/#primaryimage"},"thumbnailUrl":"https:\/\/visuresmart.it\/news\/wp-content\/uploads\/2021\/05\/Contratto-di-rioccupazione-decreto-Sostegni-bis-e1621591754577.jpg","keywords":["agevolazioni economiche","assunzioni","aziende","contratto di rioccupazione","decreto sostegni bis","lavoratori","lavoro e pensioni"],"articleSection":["Aziende","Lavoro e Pensioni"],"inLanguage":"it-IT","potentialAction":[{"@type":"CommentAction","name":"Comment","target":["https:\/\/visuresmart.it\/news\/contratto-di-rioccupazione-come-funziona-la-misura-per-le-assunzioni-del-sostegni-bis\/#respond"]}]},{"@type":"WebPage","@id":"https:\/\/visuresmart.it\/news\/contratto-di-rioccupazione-come-funziona-la-misura-per-le-assunzioni-del-sostegni-bis\/","url":"https:\/\/visuresmart.it\/news\/contratto-di-rioccupazione-come-funziona-la-misura-per-le-assunzioni-del-sostegni-bis\/","name":"Contratto di rioccupazione: la misura per le assunzioni del Sostegni bis","isPartOf":{"@id":"https:\/\/visuresmart.it\/news\/#website"},"primaryImageOfPage":{"@id":"https:\/\/visuresmart.it\/news\/contratto-di-rioccupazione-come-funziona-la-misura-per-le-assunzioni-del-sostegni-bis\/#primaryimage"},"image":{"@id":"https:\/\/visuresmart.it\/news\/contratto-di-rioccupazione-come-funziona-la-misura-per-le-assunzioni-del-sostegni-bis\/#primaryimage"},"thumbnailUrl":"https:\/\/visuresmart.it\/news\/wp-content\/uploads\/2021\/05\/Contratto-di-rioccupazione-decreto-Sostegni-bis-e1621591754577.jpg","datePublished":"2021-05-21T10:10:30+00:00","dateModified":"2021-05-21T10:25:09+00:00","description":"Il contratto di rioccupazione \u00e8 previsto dal Decreto Sostegni bis e rientra nelle misure del \"pacchetto lavoro\" a favore delle assunzioni","breadcrumb":{"@id":"https:\/\/visuresmart.it\/news\/contratto-di-rioccupazione-come-funziona-la-misura-per-le-assunzioni-del-sostegni-bis\/#breadcrumb"},"inLanguage":"it-IT","potentialAction":[{"@type":"ReadAction","target":["https:\/\/visuresmart.it\/news\/contratto-di-rioccupazione-come-funziona-la-misura-per-le-assunzioni-del-sostegni-bis\/"]}]},{"@type":"ImageObject","inLanguage":"it-IT","@id":"https:\/\/visuresmart.it\/news\/contratto-di-rioccupazione-come-funziona-la-misura-per-le-assunzioni-del-sostegni-bis\/#primaryimage","url":"https:\/\/visuresmart.it\/news\/wp-content\/uploads\/2021\/05\/Contratto-di-rioccupazione-decreto-Sostegni-bis-e1621591754577.jpg","contentUrl":"https:\/\/visuresmart.it\/news\/wp-content\/uploads\/2021\/05\/Contratto-di-rioccupazione-decreto-Sostegni-bis-e1621591754577.jpg","width":1199,"height":800,"caption":"Contratto di rioccupazione Decreto Sostegni bis"},{"@type":"BreadcrumbList","@id":"https:\/\/visuresmart.it\/news\/contratto-di-rioccupazione-come-funziona-la-misura-per-le-assunzioni-del-sostegni-bis\/#breadcrumb","itemListElement":[{"@type":"ListItem","position":1,"name":"Home","item":"https:\/\/visuresmart.it\/news\/"},{"@type":"ListItem","position":2,"name":"Contratto di rioccupazione: la misura per le assunzioni del Sostegni bis"}]},{"@type":"WebSite","@id":"https:\/\/visuresmart.it\/news\/#website","url":"https:\/\/visuresmart.it\/news\/","name":"VisureSmart News","description":"Il blog che nasce con l&#039;intento di aiutarvi a trovare informazioni su casa, famiglia, auto, lavoro e imprese in modo rapido e semplificato!","publisher":{"@id":"https:\/\/visuresmart.it\/news\/#organization"},"alternateName":"Visuresmart","potentialAction":[{"@type":"SearchAction","target":{"@type":"EntryPoint","urlTemplate":"https:\/\/visuresmart.it\/news\/?s={search_term_string}"},"query-input":{"@type":"PropertyValueSpecification","valueRequired":true,"valueName":"search_term_string"}}],"inLanguage":"it-IT"},{"@type":"Organization","@id":"https:\/\/visuresmart.it\/news\/#organization","name":"News VisureSmart.it","url":"https:\/\/visuresmart.it\/news\/","logo":{"@type":"ImageObject","inLanguage":"it-IT","@id":"https:\/\/visuresmart.it\/news\/#\/schema\/logo\/image\/","url":"https:\/\/visuresmart.it\/news\/wp-content\/uploads\/2020\/03\/Risorsa-2.png","contentUrl":"https:\/\/visuresmart.it\/news\/wp-content\/uploads\/2020\/03\/Risorsa-2.png","width":513,"height":513,"caption":"News VisureSmart.it"},"image":{"@id":"https:\/\/visuresmart.it\/news\/#\/schema\/logo\/image\/"},"sameAs":["https:\/\/www.facebook.com\/visuresmart.it\/","https:\/\/www.instagram.com\/visuresmart.it\/"],"description":"Visuresmart.it \u00e8 un portale unico specializzato nella richiesta di documenti burocratici, tanto per i professionisti quanto per i cittadini. I nostri servizi permettono di ottenere un contatto diretto con la Pubblica Amministrazione, l\u2019Anagrafe, la Camera di Commercio e il Tribunale. Il nostro team \u00e8 composto da professionisti del settore, esperti nell\u2019espletare pratiche e capaci di consigliare e indirizzare i nostri clienti verso le soluzioni migliori.","email":"info@visuresmart.it"},{"@type":"Person","@id":"https:\/\/visuresmart.it\/news\/#\/schema\/person\/d0f7098c1019cb238b9fe689eb27f08d","name":"Visuresmart","image":{"@type":"ImageObject","inLanguage":"it-IT","@id":"https:\/\/visuresmart.it\/news\/#\/schema\/person\/image\/","url":"https:\/\/secure.gravatar.com\/avatar\/4bee21bb1ff545097d278f99201269f5?s=96&d=mm&r=g","contentUrl":"https:\/\/secure.gravatar.com\/avatar\/4bee21bb1ff545097d278f99201269f5?s=96&d=mm&r=g","caption":"Visuresmart"}}]}},"_links":{"self":[{"href":"https:\/\/visuresmart.it\/news\/wp-json\/wp\/v2\/posts\/2489"}],"collection":[{"href":"https:\/\/visuresmart.it\/news\/wp-json\/wp\/v2\/posts"}],"about":[{"href":"https:\/\/visuresmart.it\/news\/wp-json\/wp\/v2\/types\/post"}],"author":[{"embeddable":true,"href":"https:\/\/visuresmart.it\/news\/wp-json\/wp\/v2\/users\/3"}],"replies":[{"embeddable":true,"href":"https:\/\/visuresmart.it\/news\/wp-json\/wp\/v2\/comments?post=2489"}],"version-history":[{"count":0,"href":"https:\/\/visuresmart.it\/news\/wp-json\/wp\/v2\/posts\/2489\/revisions"}],"wp:featuredmedia":[{"embeddable":true,"href":"https:\/\/visuresmart.it\/news\/wp-json\/wp\/v2\/media\/2495"}],"wp:attachment":[{"href":"https:\/\/visuresmart.it\/news\/wp-json\/wp\/v2\/media?parent=2489"}],"wp:term":[{"taxonomy":"category","embeddable":true,"href":"https:\/\/visuresmart.it\/news\/wp-json\/wp\/v2\/categories?post=2489"},{"taxonomy":"post_tag","embeddable":true,"href":"https:\/\/visuresmart.it\/news\/wp-json\/wp\/v2\/tags?post=2489"}],"curies":[{"name":"wp","href":"https:\/\/api.w.org\/{rel}","templated":true}]}}